{"id":18871,"date":"2021-05-17T20:41:29","date_gmt":"2021-05-17T23:41:29","guid":{"rendered":"https:\/\/blogs2.correiobraziliense.com.br\/vicente\/?p=18871"},"modified":"2021-05-18T11:51:32","modified_gmt":"2021-05-18T14:51:32","slug":"planos-de-saude-individuais-devem-ter-reducao-nas-mensalidades-ans-define-correcao-nesta-terca","status":"publish","type":"post","link":"https:\/\/blogs2.correiobraziliense.com.br\/vicente\/planos-de-saude-individuais-devem-ter-reducao-nas-mensalidades-ans-define-correcao-nesta-terca\/","title":{"rendered":"Planos de sa\u00fade individuais devem ter redu\u00e7\u00e3o nas mensalidades. ANS define corre\u00e7\u00e3o nesta ter\u00e7a"},"content":{"rendered":"<h2>A Ag\u00eancia Nacional de Sa\u00fade Suplementar (ANS) marcou para esta ter\u00e7a-feira (18-05) a decis\u00e3o sobre a corre\u00e7\u00e3o anual dos planos de sa\u00fade individuais. A perspectiva \u00e9 de que os mais de 9 milh\u00f5es de detentores de conv\u00eanios regulados pela ag\u00eancia tenham redu\u00e7\u00e3o nas mensalidades, o que, se confirmado, ser\u00e1 um fato in\u00e9dito.<\/h2>\n<p>&nbsp;<\/p>\n<p>Pelas regras, a ANS define o percentual de corre\u00e7\u00e3o dos planos individuais, mas o n\u00famero definitivo s\u00f3 pode ser divulgado ap\u00f3s aval do Minist\u00e9rio da Economia. Normalmente, a pasta comandada por Paulo Guedes costuma demorar para anunciar o \u00edndice. Mas, desta vez, deve ser mais \u00e1gil, dada \u00e0 ansiedade do mercado.<\/p>\n<p>&nbsp;<\/p>\n<p>A queda das mensalidades pode ser explicada pela redu\u00e7\u00e3o no uso dos planos de sa\u00fade durante boa parte de 2020. Como as pessoas optaram pelo isolamento social diante da pandemia do novo coronav\u00edrus, o total de exames despencou, assim como as interna\u00e7\u00f5es e as cirurgias eletivas. Portanto, as operadoras gastaram menos e lucraram mais.<\/p>\n<p>&nbsp;<\/p>\n<p>Assim, o entendimento da ANS deve ser o de que as empresas t\u00eam de repartir parte de seus ganhos com os consumidores. E isso se dar\u00e1 por meio da redu\u00e7\u00e3o nos valores das mensalidades ou mesmo pela varia\u00e7\u00e3o zero do total desembolsado mensalmente pelos detentores de conv\u00eanios.<\/p>\n<p>&nbsp;<\/p>\n<p><strong>Conv\u00eanios coletivos e empresariais ter\u00e3o aumento<\/strong><\/p>\n<p>&nbsp;<\/p>\n<p>Segundo presidente da Associa\u00e7\u00e3o Brasileira de Planos de Sa\u00fade (Abramge), Renato Casarotti, \u00e9 &#8220;muito prov\u00e1vel&#8221; que a ANS optar por reduzir os valores das mensalidades dos conv\u00eanios individuais, pois os custos das operadoras ca\u00edram em 2020 quando comparados aos de 2019.<\/p>\n<p>&nbsp;<\/p>\n<p>Casarotti ressalta, por\u00e9m, que, neste ano, o uso de planos de sa\u00fade aumentou novamente. E, certamente, isso se refletir\u00e1 em 2022, quando a ANS voltar\u00e1 a analisar a corre\u00e7\u00e3o anual dos conv\u00eanios m\u00e9dicos. Ele diz ainda que a queda de pre\u00e7os deve ficar restrita aos planos individuais.<\/p>\n<p>&nbsp;<\/p>\n<p>Ou seja, conv\u00eanios de sa\u00fade coletivos e empresariais, que t\u00eam a corre\u00e7\u00e3o liberada, devem ter aumentos, mesmo que moderados. O presidente da Abramge diz n\u00e3o acreditar que as operadoras forcem a m\u00e3o nesses reajustes para compensar a queda das mensalidades dos planos individuais.<\/p>\n<p>&nbsp;<\/p>\n<p>Mesmo com a pandemia e o desemprego alto, a perspectiva \u00e9 de que o mercado de planos de sa\u00fade cres\u00e7a em 2021. Pelas proje\u00e7\u00f5es da Abramge, ser\u00e3o pelo menos mais 1,2 milh\u00e3o de novas ades\u00f5es, com o mercado passando de 47,6 milh\u00f5es para 48,8 milh\u00f5es de conv\u00eanios.<\/p>\n<p>&nbsp;<\/p>\n<p><em>Bras\u00edlia, 20h41min<\/em><\/p>\n","protected":false},"excerpt":{"rendered":"<p>A Ag\u00eancia Nacional de Sa\u00fade Suplementar (ANS) marcou para esta ter\u00e7a-feira (18-05) a decis\u00e3o sobre a corre\u00e7\u00e3o anual dos planos de sa\u00fade individuais. A perspectiva \u00e9 de que os mais de 9 milh\u00f5es de detentores de conv\u00eanios regulados pela ag\u00eancia tenham redu\u00e7\u00e3o nas mensalidades, o que, se confirmado, ser\u00e1 um fato in\u00e9dito. &nbsp; Pelas regras, [&hellip;]<\/p>\n","protected":false},"author":22,"featured_media":11414,"comment_status":"open","ping_status":"closed","sticky":false,"template":"","format":"standard","meta":{"wpb_read_more":[],"footnotes":""},"categories":[600],"tags":[589,4943,4547,5469],"class_list":["post-18871","post","type-post","status-publish","format-standard","has-post-thumbnail","hentry","category-economia","tag-economia","tag-financas","tag-negocios","tag-planos-de-saude-individuais-devem-ter-reducao-nas-mensalidades-ans-define-correcao-nesta-terca"],"_links":{"self":[{"href":"https:\/\/blogs2.correiobraziliense.com.br\/vicente\/wp-json\/wp\/v2\/posts\/18871","targetHints":{"allow":["GET"]}}],"collection":[{"href":"https:\/\/blogs2.correiobraziliense.com.br\/vicente\/wp-json\/wp\/v2\/posts"}],"about":[{"href":"https:\/\/blogs2.correiobraziliense.com.br\/vicente\/wp-json\/wp\/v2\/types\/post"}],"author":[{"embeddable":true,"href":"https:\/\/blogs2.correiobraziliense.com.br\/vicente\/wp-json\/wp\/v2\/users\/22"}],"replies":[{"embeddable":true,"href":"https:\/\/blogs2.correiobraziliense.com.br\/vicente\/wp-json\/wp\/v2\/comments?post=18871"}],"version-history":[{"count":3,"href":"https:\/\/blogs2.correiobraziliense.com.br\/vicente\/wp-json\/wp\/v2\/posts\/18871\/revisions"}],"predecessor-version":[{"id":18887,"href":"https:\/\/blogs2.correiobraziliense.com.br\/vicente\/wp-json\/wp\/v2\/posts\/18871\/revisions\/18887"}],"wp:featuredmedia":[{"embeddable":true,"href":"https:\/\/blogs2.correiobraziliense.com.br\/vicente\/wp-json\/wp\/v2\/media\/11414"}],"wp:attachment":[{"href":"https:\/\/blogs2.correiobraziliense.com.br\/vicente\/wp-json\/wp\/v2\/media?parent=18871"}],"wp:term":[{"taxonomy":"category","embeddable":true,"href":"https:\/\/blogs2.correiobraziliense.com.br\/vicente\/wp-json\/wp\/v2\/categories?post=18871"},{"taxonomy":"post_tag","embeddable":true,"href":"https:\/\/blogs2.correiobraziliense.com.br\/vicente\/wp-json\/wp\/v2\/tags?post=18871"}],"curies":[{"name":"wp","href":"https:\/\/api.w.org\/{rel}","templated":true}]}}