{"id":18896,"date":"2021-05-18T16:01:05","date_gmt":"2021-05-18T19:01:05","guid":{"rendered":"https:\/\/blogs2.correiobraziliense.com.br\/vicente\/?p=18896"},"modified":"2021-05-18T16:23:16","modified_gmt":"2021-05-18T19:23:16","slug":"mensalidades-de-planos-de-saude-individuais-podem-cair-entre-5-e-7-preveem-especialistas","status":"publish","type":"post","link":"https:\/\/blogs2.correiobraziliense.com.br\/vicente\/mensalidades-de-planos-de-saude-individuais-podem-cair-entre-5-e-7-preveem-especialistas\/","title":{"rendered":"Mensalidades de planos de sa\u00fade individuais podem cair entre 5% e 7%, preveem especialistas"},"content":{"rendered":"<h2>Analistas que monitoram \u00edndices de infla\u00e7\u00e3o apostam que as mensalidades de planos de sa\u00fade individuais podem ter redu\u00e7\u00e3o entre 5% e 7% neste ano. A queda dever\u00e1 ser sancionada nesta ter\u00e7a-feira (18-05) pela Ag\u00eancia Nacional de Sa\u00fade Suplementar (ANS). A decis\u00e3o, se confirmada, ter\u00e1 de ser ratificada pelo Minist\u00e9rio da Economia.<\/h2>\n<p>&nbsp;<\/p>\n<p>T\u00e9cnicos da ANS apontam que h\u00e1 raz\u00f5es de sobra para que as operadoras de planos de sa\u00fade individuais deem um al\u00edvio no bolso dos consumidores. Entre os motivos, apontam a forte queda no uso dos conv\u00eanios por causa da pandemia. Foram menos exames, interna\u00e7\u00f5es e cirurgias ao longo de 2020.<\/p>\n<p>&nbsp;<\/p>\n<p>N\u00e3o \u00e0 toa, destacam t\u00e9cnicos da ag\u00eancia, os lucros das operadoras dispararam no ano passado, atingindo os maiores n\u00edveis da hist\u00f3ria. A defesa dentro da ANS \u00e9 de que, com esses ganhos, n\u00e3o h\u00e1 porque as empresas favore\u00e7am os consumidores. Muitos reclamam que j\u00e1 n\u00e3o conseguem mais pagar os conv\u00eanios de t\u00e3o caros que est\u00e3o.<\/p>\n<p>&nbsp;<\/p>\n<p><strong>Em 2022, os reajustes voltar\u00e3o<\/strong><\/p>\n<p>&nbsp;<\/p>\n<p>A redu\u00e7\u00e3o das mensalidades dos planos de sa\u00fade individuais, que s\u00e3o regulados pela ANS, se realmente vier, beneficiar\u00e1 mais de 9 milh\u00f5es de pessoas. A perspectiva \u00e9 de que o aval do Minist\u00e9rio da Economia \u00e0 posi\u00e7\u00e3o da ANS saia at\u00e9 o fim deste m\u00eas. A expectativa do mercado \u00e9 grande.<\/p>\n<p>&nbsp;<\/p>\n<p>Mas que fique claro: a decis\u00e3o da ANS n\u00e3o atinge a maioria dos detentores de conv\u00eanios m\u00e9dicos. Cerca de 80% fazem parte de planos coletivos e empresariais, que t\u00eam liberdade para definirem reajustes de acordo com os seus custos. E, dificilmente, as empresas abrir\u00e3o m\u00e3o de aumentos.<\/p>\n<p>&nbsp;<\/p>\n<p>Outro dado importante: como o uso de planos de sa\u00fade voltou a aumentar, em 2022, quando a ANS voltar a analisar a corre\u00e7\u00e3o das mensalidades, os consumidores ter\u00e3o aumento novamente nas mensalidades. Os mesmos especialistas que falam em redu\u00e7\u00e3o entre 5% e 7% neste ano alertam para reajuste de 22% no pr\u00f3ximo exerc\u00edcio.<\/p>\n<p>&nbsp;<\/p>\n<p><em>Bras\u00edlia, 16h01min<\/em><\/p>\n","protected":false},"excerpt":{"rendered":"<p>Analistas que monitoram \u00edndices de infla\u00e7\u00e3o apostam que as mensalidades de planos de sa\u00fade individuais podem ter redu\u00e7\u00e3o entre 5% e 7% neste ano. A queda dever\u00e1 ser sancionada nesta ter\u00e7a-feira (18-05) pela Ag\u00eancia Nacional de Sa\u00fade Suplementar (ANS). A decis\u00e3o, se confirmada, ter\u00e1 de ser ratificada pelo Minist\u00e9rio da Economia. &nbsp; T\u00e9cnicos da ANS [&hellip;]<\/p>\n","protected":false},"author":22,"featured_media":10384,"comment_status":"open","ping_status":"closed","sticky":false,"template":"","format":"standard","meta":{"wpb_read_more":[],"footnotes":""},"categories":[600],"tags":[589,4943,5471,4547,2787,5472],"class_list":["post-18896","post","type-post","status-publish","format-standard","has-post-thumbnail","hentry","category-economia","tag-economia","tag-financas","tag-mensalidades-de-planos-de-saude-individuais-podem-cair-entre-5-e-7","tag-negocios","tag-politica","tag-preveem-especialistas"],"_links":{"self":[{"href":"https:\/\/blogs2.correiobraziliense.com.br\/vicente\/wp-json\/wp\/v2\/posts\/18896","targetHints":{"allow":["GET"]}}],"collection":[{"href":"https:\/\/blogs2.correiobraziliense.com.br\/vicente\/wp-json\/wp\/v2\/posts"}],"about":[{"href":"https:\/\/blogs2.correiobraziliense.com.br\/vicente\/wp-json\/wp\/v2\/types\/post"}],"author":[{"embeddable":true,"href":"https:\/\/blogs2.correiobraziliense.com.br\/vicente\/wp-json\/wp\/v2\/users\/22"}],"replies":[{"embeddable":true,"href":"https:\/\/blogs2.correiobraziliense.com.br\/vicente\/wp-json\/wp\/v2\/comments?post=18896"}],"version-history":[{"count":1,"href":"https:\/\/blogs2.correiobraziliense.com.br\/vicente\/wp-json\/wp\/v2\/posts\/18896\/revisions"}],"predecessor-version":[{"id":18897,"href":"https:\/\/blogs2.correiobraziliense.com.br\/vicente\/wp-json\/wp\/v2\/posts\/18896\/revisions\/18897"}],"wp:featuredmedia":[{"embeddable":true,"href":"https:\/\/blogs2.correiobraziliense.com.br\/vicente\/wp-json\/wp\/v2\/media\/10384"}],"wp:attachment":[{"href":"https:\/\/blogs2.correiobraziliense.com.br\/vicente\/wp-json\/wp\/v2\/media?parent=18896"}],"wp:term":[{"taxonomy":"category","embeddable":true,"href":"https:\/\/blogs2.correiobraziliense.com.br\/vicente\/wp-json\/wp\/v2\/categories?post=18896"},{"taxonomy":"post_tag","embeddable":true,"href":"https:\/\/blogs2.correiobraziliense.com.br\/vicente\/wp-json\/wp\/v2\/tags?post=18896"}],"curies":[{"name":"wp","href":"https:\/\/api.w.org\/{rel}","templated":true}]}}