{"id":18900,"date":"2021-05-19T12:22:12","date_gmt":"2021-05-19T15:22:12","guid":{"rendered":"https:\/\/blogs2.correiobraziliense.com.br\/vicente\/?p=18900"},"modified":"2021-05-19T13:47:12","modified_gmt":"2021-05-19T16:47:12","slug":"3542-mil-brasilienses-aposentados-vao-receber-r-3411-milhoes-da-primeira-parcela-do-13o","status":"publish","type":"post","link":"https:\/\/blogs2.correiobraziliense.com.br\/vicente\/3542-mil-brasilienses-aposentados-vao-receber-r-3411-milhoes-da-primeira-parcela-do-13o\/","title":{"rendered":"354,2 mil brasilienses aposentados v\u00e3o receber R$ 341,1 milh\u00f5es da primeira parcela do 13\u00ba"},"content":{"rendered":"<h2>FERNANDA STRICKLAND<\/h2>\n<h2><\/h2>\n<h2>O Instituto Nacional do Seguro Social (INSS) come\u00e7a a pagar, em 25 de maio (ter\u00e7a-feira), a primeira parcela do 13\u00ba sal\u00e1rio de aposentados e pensionistas. No Distrito Federal, ser\u00e3o beneficiados 354,2 mil pessoas, que receber\u00e3o R$ 341,1 milh\u00f5es. Somados aos sal\u00e1rios do m\u00eas, ser\u00e3o R$ 1,055 bilh\u00e3o.<\/h2>\n<p>&nbsp;<\/p>\n<p>Segundo o INSS, os pagamentos ser\u00e3o feitos entre 25 de maio e 8 de junho, de acordo com o n\u00famero final do benef\u00edcio.\u00a0A\u00a0segunda parte do 13\u00ba sal\u00e1rio ser\u00e1 liberada de 24 de junho a 7 de julho.<\/p>\n<p>&nbsp;<\/p>\n<p>No Brasil todo, 31\u00a0milh\u00f5es de aposentados e pensionistas ter\u00e3o a conta-corrente engordada com os recursos extras. Juntos, receber\u00e3o R$ 25,3 bilh\u00f5es. Quando somadas \u00e0 folha mensal, ser\u00e3o desembolsados R$ 76,3 bilh\u00f5es.<\/p>\n<p>&nbsp;<\/p>\n<p>Os primeiros a receberem a metade do 13\u00ba ser\u00e3o os segurados que ganham at\u00e9 um sal\u00e1rio m\u00ednimo (R$ 1.100) e t\u00eam cart\u00f5es de benef\u00edcio terminados em 1. O valor ser\u00e1 depositado com o vencimento mensal. Veja a tabela de pagamento:<\/p>\n<p>&nbsp;<\/p>\n<p><strong>Calend\u00e1rio da primeira parcela do 13\u00ba\u00a0 para aqueles que\u00a0recebem at\u00e9 um sal\u00e1rio m\u00ednimo<\/strong><\/p>\n<p>Final de benef\u00edcio 1 &#8211; 25 de maio<\/p>\n<p>Final de benef\u00edcio 2 &#8211; 26 de maio<\/p>\n<p>Final de benef\u00edcio 3 &#8211; 27 de maio<\/p>\n<p>Final de benef\u00edcio 4 &#8211; 28 de maio<\/p>\n<p>Final de benef\u00edcio 5 &#8211; 31 de maio<\/p>\n<p>Final de benef\u00edcio 6 &#8211; 1\u00ba de junho<\/p>\n<p>Final de benef\u00edcio 7 &#8211; 2 de junho<\/p>\n<p>Final de benef\u00edcio 8 &#8211; 4 de junho<\/p>\n<p>Final de benef\u00edcio 9 &#8211; 7 de junho<\/p>\n<p>Final de benef\u00edcio 0 &#8211; 8 de junho<\/p>\n<p>&nbsp;<\/p>\n<p><strong>Quem ganha acima de R$ 1.100<\/strong><\/p>\n<p>Finais de benef\u00edcio 1 e 6 &#8211; 1\u00ba de junho<\/p>\n<p>Finais de benef\u00edcio 2 e 7 &#8211; 2 de junho<\/p>\n<p>Finais de benef\u00edcio 3 e 8 &#8211; 4 de junho<\/p>\n<p>Finais de benef\u00edcio 4 e 9 &#8211; 7 de junho<\/p>\n<p>Finais de benef\u00edcio 5 e 0 &#8211; 8 de junho<\/p>\n<p>&nbsp;<\/p>\n<p>&nbsp;<\/p>\n<p><strong>Calend\u00e1rio da segunda parcela do 13\u00ba para quem\u00a0recebe at\u00e9 um sal\u00e1rio m\u00ednimo<\/strong><\/p>\n<p>Final de benef\u00edcio 1 &#8211; 24 de junho<\/p>\n<p>Final de benef\u00edcio 2 &#8211; 25 de junho<\/p>\n<p>Final de benef\u00edcio 3 &#8211; 28 de junho<\/p>\n<p>Final de benef\u00edcio 4 &#8211; 29 de junho<\/p>\n<p>Final de benef\u00edcio 5 &#8211; 30 de junho<\/p>\n<p>Final de benef\u00edcio 6 &#8211; 1\u00ba de julho<\/p>\n<p>Final de benef\u00edcio 7 &#8211; 2 de julho<\/p>\n<p>Final de benef\u00edcio 8 &#8211; 5 de julho<\/p>\n<p>Final de benef\u00edcio 9 &#8211; 6 de julho<\/p>\n<p>Final de benef\u00edcio 0 &#8211; 7 de julho<\/p>\n<p>&nbsp;<\/p>\n<p><strong>Quem ganha acima de R$ 1.100<\/strong><\/p>\n<p>Finais de benef\u00edcio 1 e 6 &#8211; 1\u00ba de julho<\/p>\n<p>Finais de benef\u00edcio 2 e 7 &#8211; 2 de julho<\/p>\n<p>Finais de benef\u00edcio 3 e 8 &#8211; 5 de julho<\/p>\n<p>Finais de benef\u00edcio 4 e 9 &#8211; 6 de julho<\/p>\n<p>Finais de benef\u00edcio 5 e 0 &#8211; 7 de julho<\/p>\n<p>&nbsp;<\/p>\n<p><em>Bras\u00edlia, 12h22min<\/em><\/p>\n","protected":false},"excerpt":{"rendered":"<p>FERNANDA STRICKLAND O Instituto Nacional do Seguro Social (INSS) come\u00e7a a pagar, em 25 de maio (ter\u00e7a-feira), a primeira parcela do 13\u00ba sal\u00e1rio de aposentados e pensionistas. No Distrito Federal, ser\u00e3o beneficiados 354,2 mil pessoas, que receber\u00e3o R$ 341,1 milh\u00f5es. Somados aos sal\u00e1rios do m\u00eas, ser\u00e3o R$ 1,055 bilh\u00e3o. &nbsp; Segundo o INSS, os pagamentos [&hellip;]<\/p>\n","protected":false},"author":22,"featured_media":11151,"comment_status":"open","ping_status":"closed","sticky":false,"template":"","format":"standard","meta":{"wpb_read_more":[],"footnotes":""},"categories":[600],"tags":[5475,5474,5473,589,4943,4547],"class_list":["post-18900","post","type-post","status-publish","format-standard","has-post-thumbnail","hentry","category-economia","tag-1-milhoes-da-primeira-parcela-do-13o","tag-2-mil-brasilienses-aposentados-vao-receber-r-341","tag-5473","tag-economia","tag-financas","tag-negocios"],"_links":{"self":[{"href":"https:\/\/blogs2.correiobraziliense.com.br\/vicente\/wp-json\/wp\/v2\/posts\/18900","targetHints":{"allow":["GET"]}}],"collection":[{"href":"https:\/\/blogs2.correiobraziliense.com.br\/vicente\/wp-json\/wp\/v2\/posts"}],"about":[{"href":"https:\/\/blogs2.correiobraziliense.com.br\/vicente\/wp-json\/wp\/v2\/types\/post"}],"author":[{"embeddable":true,"href":"https:\/\/blogs2.correiobraziliense.com.br\/vicente\/wp-json\/wp\/v2\/users\/22"}],"replies":[{"embeddable":true,"href":"https:\/\/blogs2.correiobraziliense.com.br\/vicente\/wp-json\/wp\/v2\/comments?post=18900"}],"version-history":[{"count":2,"href":"https:\/\/blogs2.correiobraziliense.com.br\/vicente\/wp-json\/wp\/v2\/posts\/18900\/revisions"}],"predecessor-version":[{"id":18902,"href":"https:\/\/blogs2.correiobraziliense.com.br\/vicente\/wp-json\/wp\/v2\/posts\/18900\/revisions\/18902"}],"wp:featuredmedia":[{"embeddable":true,"href":"https:\/\/blogs2.correiobraziliense.com.br\/vicente\/wp-json\/wp\/v2\/media\/11151"}],"wp:attachment":[{"href":"https:\/\/blogs2.correiobraziliense.com.br\/vicente\/wp-json\/wp\/v2\/media?parent=18900"}],"wp:term":[{"taxonomy":"category","embeddable":true,"href":"https:\/\/blogs2.correiobraziliense.com.br\/vicente\/wp-json\/wp\/v2\/categories?post=18900"},{"taxonomy":"post_tag","embeddable":true,"href":"https:\/\/blogs2.correiobraziliense.com.br\/vicente\/wp-json\/wp\/v2\/tags?post=18900"}],"curies":[{"name":"wp","href":"https:\/\/api.w.org\/{rel}","templated":true}]}}