{"id":18908,"date":"2021-05-20T12:11:38","date_gmt":"2021-05-20T15:11:38","guid":{"rendered":"https:\/\/blogs2.correiobraziliense.com.br\/vicente\/?p=18908"},"modified":"2021-05-20T12:36:42","modified_gmt":"2021-05-20T15:36:42","slug":"arrecadacao-cresce-452-em-abril-e-fisco-tem-melhor-resultado-para-o-mes-desde-1995","status":"publish","type":"post","link":"https:\/\/blogs2.correiobraziliense.com.br\/vicente\/arrecadacao-cresce-452-em-abril-e-fisco-tem-melhor-resultado-para-o-mes-desde-1995\/","title":{"rendered":"Arrecada\u00e7\u00e3o cresce 45,2% em abril e Fisco tem melhor resultado para o m\u00eas desde 1995"},"content":{"rendered":"<p>ROSANA HESSEL<\/p>\n<p>&nbsp;<\/p>\n<p>A Receita Federal registrou novo recorde na arrecada\u00e7\u00e3o mensal em abril. O volume de tributos recolhidos no m\u00eas passado somou R$ 156,8 bilh\u00f5es, o melhor resultado para o m\u00eas desde o in\u00edcio da s\u00e9rie do Fisco, em 1995, com valores corrigidos pelo \u00cdndice de Pre\u00e7os ao Consumidor Amplo (IPCA). Contudo, n\u00e3o supera o recorde do ano, de R$ 184 bilh\u00f5es, contabilizados em janeiro, o melhor resultado mensal da hist\u00f3ria na mesma s\u00e9rie, considerando os valores corrigidos.<\/p>\n<p>&nbsp;<\/p>\n<p>O dado de abril da arrecada\u00e7\u00e3o total apresenta crescimento real (descontada a infla\u00e7\u00e3o) de 45,2% sobre o volume arrecadado no mesmo m\u00eas de 2020, conforme relat\u00f3rio divulgado nesta quarta-feira. O resultado do m\u00eas passado surpreendeu o mercado, que esperava uma receita em torno de R$ 141 bilh\u00f5es.<\/p>\n<p>&nbsp;<\/p>\n<p>De acordo com dados do Fisco, o adiamento no recolhimento de tributos no m\u00eas de abril do ano passado representou uma perda de receita de R$ 24 bilh\u00f5es, o que, em parte, justifica esse crescimento expressivo no ano corrente.<\/p>\n<p>&nbsp;<\/p>\n<p>No acumulado do quadrimestre, o valor total da arrecada\u00e7\u00e3o foi de R$ 608,5 bilh\u00f5es at\u00e9 abril, o maior volume para o per\u00edodo desde 1995, na s\u00e9rie corrigida pelo IPCA. Esse dado apresenta crescimento real de quase 14% na compara\u00e7\u00e3o com o mesmo per\u00edodo de 2020.<\/p>\n<p>&nbsp;<\/p>\n<p>Os tributos federais que mais contribu\u00edram para esse resultado foram justamente as al\u00edquotas de PIS-Cofins, que apresentaram salto de 103,94%, entre 2020 e 2021, somando R$ 28,2 bilh\u00f5es no m\u00eas passado, um incremento de R$ 14,4 bilh\u00f5es sobre o volume do ano anterior. A receita com Imposto de Renda Pessoa Jur\u00eddica e a Contribui\u00e7\u00e3o Social sobre o Lucro L\u00edquido (CSLL) cresceu 42,60% no mesmo per\u00edodo, ou R$ 10,5 bilh\u00f5es, encerrando abril com a soma de R$ 35,3 bilh\u00f5es.<\/p>\n<p>&nbsp;<\/p>\n<p>O ministro da Economia, Paulo Guedes, fez quest\u00e3o de aparecer na divulga\u00e7\u00e3o dos resultados da arrecada\u00e7\u00e3o, que voltou a afirmar que os dados da Receita ajudam a confirmar que os indicadores est\u00e3o surpreendendo positivamente neste ano. &#8220;Todo mundo est\u00e1 revendo as estimativas de crescimento para cima. E os dados da arrecada\u00e7\u00e3o que estamos liberando hoje confirma esse quadro de melhoria geral no n\u00edvel de atividade do pa\u00eds&#8221;, afirmou o ministro, que deu parab\u00e9ns \u00e0 equipe da Receita comandada pelo secret\u00e1rio especial Jos\u00e9 Barroso Tostes Neto pelo trabalho. Ele acrescentou que a arrecada\u00e7\u00e3o \u00e9 uma &#8220;proxy da atividade econ\u00f4mica&#8221;.<\/p>\n<p>&nbsp;<\/p>\n<p>&#8220;Foi um recorde hist\u00f3rico com crescimento real. Esse \u00e9 o melhor n\u00famero da s\u00e9rie, confirmando os dados positivos do ano. M\u00eas a m\u00eas estamos quebrando recorde atr\u00e1s de recorde&#8221;, acrescentou o ministro, defendendo que o governo n\u00e3o deve aumentar imposto &#8220;em meio a uma recess\u00e3o&#8221; por causa do deficit fiscal. &#8220;Seria um equ\u00edvoco&#8221;, disse, acrescentando que os dados da Receita, agora, est\u00e3o vindo &#8220;bastante fortes&#8221;.<\/p>\n<p>&nbsp;<\/p>\n<p>O chefe da equipe econ\u00f4mica ainda destacou que o governo est\u00e1 conseguindo enfrentar a crise realizando reformas no meio da crise. &#8220;H\u00e1 sinais de que estamos nos recuperando&#8221;, frisou.<\/p>\n<p>&nbsp;<\/p>\n","protected":false},"excerpt":{"rendered":"<p>ROSANA HESSEL &nbsp; A Receita Federal registrou novo recorde na arrecada\u00e7\u00e3o mensal em abril. O volume de tributos recolhidos no m\u00eas passado somou R$ 156,8 bilh\u00f5es, o melhor resultado para o m\u00eas desde o in\u00edcio da s\u00e9rie do Fisco, em 1995, com valores corrigidos pelo \u00cdndice de Pre\u00e7os ao Consumidor Amplo (IPCA). Contudo, n\u00e3o supera [&hellip;]<\/p>\n","protected":false},"author":22,"featured_media":17184,"comment_status":"open","ping_status":"closed","sticky":false,"template":"","format":"standard","meta":{"wpb_read_more":[],"footnotes":""},"categories":[600],"tags":[297,4073,8,574],"class_list":["post-18908","post","type-post","status-publish","format-standard","has-post-thumbnail","hentry","category-economia","tag-arrecadacao","tag-fisco","tag-receita-federal","tag-tributos"],"_links":{"self":[{"href":"https:\/\/blogs2.correiobraziliense.com.br\/vicente\/wp-json\/wp\/v2\/posts\/18908","targetHints":{"allow":["GET"]}}],"collection":[{"href":"https:\/\/blogs2.correiobraziliense.com.br\/vicente\/wp-json\/wp\/v2\/posts"}],"about":[{"href":"https:\/\/blogs2.correiobraziliense.com.br\/vicente\/wp-json\/wp\/v2\/types\/post"}],"author":[{"embeddable":true,"href":"https:\/\/blogs2.correiobraziliense.com.br\/vicente\/wp-json\/wp\/v2\/users\/22"}],"replies":[{"embeddable":true,"href":"https:\/\/blogs2.correiobraziliense.com.br\/vicente\/wp-json\/wp\/v2\/comments?post=18908"}],"version-history":[{"count":11,"href":"https:\/\/blogs2.correiobraziliense.com.br\/vicente\/wp-json\/wp\/v2\/posts\/18908\/revisions"}],"predecessor-version":[{"id":18919,"href":"https:\/\/blogs2.correiobraziliense.com.br\/vicente\/wp-json\/wp\/v2\/posts\/18908\/revisions\/18919"}],"wp:featuredmedia":[{"embeddable":true,"href":"https:\/\/blogs2.correiobraziliense.com.br\/vicente\/wp-json\/wp\/v2\/media\/17184"}],"wp:attachment":[{"href":"https:\/\/blogs2.correiobraziliense.com.br\/vicente\/wp-json\/wp\/v2\/media?parent=18908"}],"wp:term":[{"taxonomy":"category","embeddable":true,"href":"https:\/\/blogs2.correiobraziliense.com.br\/vicente\/wp-json\/wp\/v2\/categories?post=18908"},{"taxonomy":"post_tag","embeddable":true,"href":"https:\/\/blogs2.correiobraziliense.com.br\/vicente\/wp-json\/wp\/v2\/tags?post=18908"}],"curies":[{"name":"wp","href":"https:\/\/api.w.org\/{rel}","templated":true}]}}