{"id":190,"date":"2015-09-10T00:21:00","date_gmt":"2015-09-10T03:21:00","guid":{"rendered":"https:\/\/blogs2.correiobraziliense.com.br\/vicente\/no_lixo\/"},"modified":"2015-09-10T00:21:00","modified_gmt":"2015-09-10T03:21:00","slug":"no_lixo","status":"publish","type":"post","link":"https:\/\/blogs2.correiobraziliense.com.br\/vicente\/no_lixo\/","title":{"rendered":"NO LIXO"},"content":{"rendered":"\n<p>A  presidente Dilma Rousseff tanto fez que conseguiu jogar no lixo todas as  conquistas do pa\u00eds dos \u00faltimos anos. Ao levar o Brasil a perder o grau  de investimentos, segundo a classifica\u00e7\u00e3o da Standard &amp; Poor\u2019s  (S&amp;P), a petista acabou com as chances de recupera\u00e7\u00e3o da economia no  pr\u00f3ximo ano e comprometeu o futuro de muitos brasileiros. O quadro que  est\u00e1 por vir \u00e9 dram\u00e1tico. <\/p>\n<p>Agora,  no clube das na\u00e7\u00f5es especulativas, o pa\u00eds mergulhar\u00e1 de vez na  recess\u00e3o. O desemprego poder\u00e1 chegar a 12%. Com o d\u00f3lar acima de R$ 4, a  infla\u00e7\u00e3o voltar\u00e1 a subir, obrigando o Banco Central a elevar os juros. E  mais: as empresas ficar\u00e3o sem cr\u00e9dito para tocar investimentos e  aquelas que devem no exterior podem enfrentar dificuldades para honrar  os compromissos. <\/p>\n<p>Daqui  por diante, o Brasil voltar\u00e1 a registrar aumento da pobreza \u2014 a  desigualdade entre ricos e pobres j\u00e1 aumenta desde 2013. Muitas das  fam\u00edlias que ascenderam socialmente retroceder\u00e3o. A economia informal,  que vinha encolhendo a passos largos, ganhar\u00e1 for\u00e7a. O pa\u00eds regredir\u00e1  anos, confirmando o atraso que foram os quatro primeiros anos de mandato  de Dilma. <\/p>\n<p>A  presidente n\u00e3o economizou na arte de destruir o pa\u00eds. Desde que tomou  posse, ela se encantou pela ideia defendida pelo ministro da Casa Civil,  Aloizio Mercadante, de que um pouco mais de infla\u00e7\u00e3o impulsionaria o  Produto Interno Bruto (PIB). Equivocada, imp\u00f4s como meta reduzir a taxa  real de juros a 2% ao ano. Para isso, n\u00e3o se furtou em destruir a  credibilidade do Banco Central, ao obrigar a institui\u00e7\u00e3o a derrubar a  taxa b\u00e1sica (Selic) a 7,25%, o n\u00edvel mais baixo da hist\u00f3ria, mesmo com a  carestia em alta. <\/p>\n<p>As  estripulias se estenderam \u00e0s contas p\u00fablicas, destru\u00eddas sem d\u00f3 nem  piedade pelo ent\u00e3o ministro da Fazenda, Guido Mantega, e pelo ent\u00e3o  secret\u00e1rio do Tesouro Nacional, Arno Augustin. Irrespons\u00e1veis, eles  sa\u00edram distribuindo dinheiro p\u00fablico por meio de desonera\u00e7\u00f5es a setores  espec\u00edficos, que, muito espertos, usaram os benef\u00edcios para engordar os  lucros. <\/p>\n<p>Essa  farra fiscal foi encoberta, por um bom tempo, por pedaladas e  maquiagens. A gastan\u00e7a foi tamanha que, mesmo com todos os artif\u00edcios  usados por Mantega e Arno, o pa\u00eds registrou, em 2014, rombo de R$ 32,5  bilh\u00f5es, o primeiro buraco desde 1997, quando o governo assumiu o  compromisso com o equil\u00edbrio fiscal. Muitos especialistas apontam crimes  de responsabilidade nessas manobras e, a depender de uma posi\u00e7\u00e3o do  Tribunal de Contas da Uni\u00e3o (TCU), Dilma poder\u00e1 perder o mandato. <\/p>\n<p><b>Desastre<\/b> <\/p>\n<p>Desnorteado,  pois foi pego de surpresa pelo rebaixamento, o governo tentou difundir o  discurso de que todas as dificuldades ser\u00e3o superadas. O ministro do  Planejamento, Nelson Barbosa, que endossou, no primeiro mandato de  Dilma, boa parte das medidas que levaram o pa\u00eds para o buraco, alegou  que a economia est\u00e1 passando por um momento de transi\u00e7\u00e3o, que resultar\u00e1  no ajuste fiscal. <\/p>\n<p>Barbosa  se esqueceu de dizer que a decis\u00e3o da S&amp;P foi apressada pela  insist\u00eancia dele de enviar ao Congresso uma proposta de Or\u00e7amento para  2016 com deficit de R$ 30,5 bilh\u00f5es. O ministro alegou que o projeto era  um sinal de transpar\u00eancia e as ag\u00eancias de classifica\u00e7\u00e3o de risco  entenderiam isso. N\u00e3o entenderam, e ainda se assustaram com a disputa  por poder travada entre Barbosa e o ministro da Fazenda, Joaquim Levy. <\/p>\n<p>Seria,  no m\u00ednimo, honesto que Dilma pedisse desculpas \u00e0 Na\u00e7\u00e3o por impor tantos  sacr\u00edficos \u00e0 popula\u00e7\u00e3o, devido \u00e0 incompet\u00eancia e \u00e0 arrog\u00e2ncia que  prevaleceram nos \u00faltimos quatro anos. Mas ser\u00e1 dif\u00edcil ver esse gesto de  humildade, em se tratando da petista. Ao ser reeleita, ela mudou o  discurso e indicou que adotaria uma pol\u00edtica econ\u00f4mica mais respons\u00e1vel.  Mas o tempo foi passando e ela voltou a ter reca\u00edda pela tal nova  matriz, que est\u00e1 na raiz de todos os problemas enfrentados pelo pa\u00eds. <\/p>\n<p>A  presidente pode agora bater no peito e dizer que venceu a batalha de  como destruir um pa\u00eds. O Brasil da responsabilidade, que fez um esfor\u00e7o  enorme para conquistar a confian\u00e7a dos investidores, ficou no passado.  Desde ontem, voltamos ao grupo nas na\u00e7\u00f5es consideradas lixo pelo  capital. Grande vit\u00f3ria, Dilma!<b> <\/p>\n<p>Opera\u00e7\u00e3o de guerra<\/b> <\/p>\n<p>\u00bb  O Banco Central montou uma opera\u00e7\u00e3o de guerra para acompanhar hoje as  rea\u00e7\u00f5es do mercado financeiro \u00e0 decis\u00e3o da S&amp;P de retirar o selo de  bom pagador do Brasil. H\u00e1 ind\u00edcios de que o d\u00f3lar j\u00e1 poder\u00e1 abrir o dia  cotado em R$ 4 ou mais. <\/p>\n<p><b>Preparados para o pior<\/b> <\/p>\n<p>\u00bb  O ministro da Fazenda, Joaquim Levy, foi avisado com anteced\u00eancia pela  S&amp;P sobre a perda do grau de investimentos do pa\u00eds. Ele comunicou \u00e0 equipe a m\u00e1 not\u00edcia e avisou a todos que se preparassem para o pior. Agora, \u00e9 salve-se quem puder. <\/p>\n<p><b>S\u00edmbolo da desconfian\u00e7a<\/b> <\/p>\n<p>\u00bb  Para o analista de risco pol\u00edtico Paulo Kramer, n\u00e3o h\u00e1 como Dilma  continuar no governo. No entender dele, a presidente perdeu a capacidade  de aglutinar for\u00e7as para aprovar as medidas de que o pa\u00eds precisa para  recuperar o crescimento e a confian\u00e7a. <\/p>\n<p><b>Caminho inverso<\/b> <\/p>\n<p>\u00bb  Enquanto o governo brasileiro insiste na tese de aumento de impostos  para reequilibrar as contas p\u00fablicas, o Jap\u00e3o e a Fran\u00e7a anunciaram que  v\u00e3o cortar tributos para estimular a economia. Somente o governo franc\u00eas abrir\u00e1 m\u00e3o de 2 bilh\u00f5es de euros. <\/p>\n<p><i>Bras\u00edlia, 00h15min<\/i>   <\/p>\n","protected":false},"excerpt":{"rendered":"<p>A presidente Dilma Rousseff tanto fez que conseguiu jogar no lixo todas as conquistas do pa\u00eds dos \u00faltimos anos. Ao levar o Brasil a perder o grau de investimentos, segundo a classifica\u00e7\u00e3o da Standard &amp; Poor\u2019s (S&amp;P), a petista acabou com as chances de recupera\u00e7\u00e3o da economia no pr\u00f3ximo ano e comprometeu o futuro de [&hellip;]<\/p>\n","protected":false},"author":22,"featured_media":0,"comment_status":"open","ping_status":"open","sticky":false,"template":"","format":"standard","meta":{"wpb_read_more":[],"footnotes":""},"categories":[1],"tags":[],"class_list":["post-190","post","type-post","status-publish","format-standard","hentry","category-sem-categoria"],"_links":{"self":[{"href":"https:\/\/blogs2.correiobraziliense.com.br\/vicente\/wp-json\/wp\/v2\/posts\/190","targetHints":{"allow":["GET"]}}],"collection":[{"href":"https:\/\/blogs2.correiobraziliense.com.br\/vicente\/wp-json\/wp\/v2\/posts"}],"about":[{"href":"https:\/\/blogs2.correiobraziliense.com.br\/vicente\/wp-json\/wp\/v2\/types\/post"}],"author":[{"embeddable":true,"href":"https:\/\/blogs2.correiobraziliense.com.br\/vicente\/wp-json\/wp\/v2\/users\/22"}],"replies":[{"embeddable":true,"href":"https:\/\/blogs2.correiobraziliense.com.br\/vicente\/wp-json\/wp\/v2\/comments?post=190"}],"version-history":[{"count":0,"href":"https:\/\/blogs2.correiobraziliense.com.br\/vicente\/wp-json\/wp\/v2\/posts\/190\/revisions"}],"wp:attachment":[{"href":"https:\/\/blogs2.correiobraziliense.com.br\/vicente\/wp-json\/wp\/v2\/media?parent=190"}],"wp:term":[{"taxonomy":"category","embeddable":true,"href":"https:\/\/blogs2.correiobraziliense.com.br\/vicente\/wp-json\/wp\/v2\/categories?post=190"},{"taxonomy":"post_tag","embeddable":true,"href":"https:\/\/blogs2.correiobraziliense.com.br\/vicente\/wp-json\/wp\/v2\/tags?post=190"}],"curies":[{"name":"wp","href":"https:\/\/api.w.org\/{rel}","templated":true}]}}