{"id":19005,"date":"2021-05-25T21:15:13","date_gmt":"2021-05-26T00:15:13","guid":{"rendered":"https:\/\/blogs2.correiobraziliense.com.br\/vicente\/?p=19005"},"modified":"2021-05-25T21:45:21","modified_gmt":"2021-05-26T00:45:21","slug":"general-ex-porta-voz-de-bolsonaro-diz-que-exercito-esta-sendo-usado-como-estrutura-de-apoio-politico","status":"publish","type":"post","link":"https:\/\/blogs2.correiobraziliense.com.br\/vicente\/general-ex-porta-voz-de-bolsonaro-diz-que-exercito-esta-sendo-usado-como-estrutura-de-apoio-politico\/","title":{"rendered":"General, ex-porta-voz de Bolsonaro, diz que Ex\u00e9rcito est\u00e1 sendo usado como estrutura de apoio pol\u00edtico"},"content":{"rendered":"<h2>O general Ot\u00e1vio do R\u00eago Barros, que foi porta-voz do presidente Jair Bolsonaro, diz, <a href=\"https:\/\/www.correiobraziliense.com.br\/opiniao\/2021\/05\/4926643-a-estreita-senda--da-racionalidade.html\">em artigo publicado no <strong>Correio<\/strong><\/a>, que o Ex\u00e9rcito est\u00e1 sendo usado como &#8220;estrutura de apoio pol\u00edtico pessoal&#8221;. As declara\u00e7\u00f5es coincidem com a forte interfer\u00eancia do chefe do Executivo na For\u00e7a, a ponto de proibir o Alto Comando de soltar um comunicado oficial sobre um processo administrativo que foi aberto contra o general Eduardo Pazuello.<\/h2>\n<p>&nbsp;<\/p>\n<p>A vis\u00e3o de R\u00eago Barros \u00e9 endossada por parte do generalato que est\u00e1 na reserva e, sobretudo, por parcela de oficiais da ativa, que temem pela desmoraliza\u00e7\u00e3o do Ex\u00e9rcito. A institui\u00e7\u00e3o come\u00e7a a ser vista como um puxadinho do Pal\u00e1cio do Planalto. Teme-se que a barreira para a entrada de Bolsonaro no Ex\u00e9rcito tenha ca\u00eddo com a demiss\u00e3o do general Edson Pujol, substitu\u00eddo recentemente pelo general Paulo S\u00e9rgio de Oliveira.<\/p>\n<p>&nbsp;<\/p>\n<p>&#8220;N\u00e3o \u00e9 aceit\u00e1vel, sob nenhum aspecto, transformar a Institui\u00e7\u00e3o Ex\u00e9rcito Brasileiro, nascida nas ravinas dos Montes Guararapes pela am\u00e1lgama das tr\u00eas ra\u00e7as e detentora de alto \u00edndice de confiabilidade, em uma estrutura de apoio pol\u00edtico pessoal&#8221;, afirma R\u00eago Barros.<\/p>\n<p>&nbsp;<\/p>\n<p>Entre os cr\u00edticos \u00e0 subservi\u00eancia do Ex\u00e9rcito aos caprichos de\u00a0 Bolsonaro, muitos dizem que o processo de desmoraliza\u00e7\u00e3o da For\u00e7a come\u00e7ou com a ida de Pazuello para o Minist\u00e9rio da Sa\u00fade, onde ele se mostrou incompetente e apegado a mentiras.<\/p>\n<p>&nbsp;<\/p>\n<p>O ex-ministro \u00e9 alvo de processo administrativo no Ex\u00e9rcito por ter subido no palanque eleitoral de Bolsonaro no domingo (23\/05), no Rio de Janeiro. Ele feriu o Estatuto dos Militares, que pro\u00edbe oficiais da ativa de se envolverem em manifesta\u00e7\u00f5es pol\u00edticas.<\/p>\n<p>&nbsp;<\/p>\n<p><em>Bras\u00edlia, 21h15min<\/em><\/p>\n","protected":false},"excerpt":{"rendered":"<p>O general Ot\u00e1vio do R\u00eago Barros, que foi porta-voz do presidente Jair Bolsonaro, diz, em artigo publicado no Correio, que o Ex\u00e9rcito est\u00e1 sendo usado como &#8220;estrutura de apoio pol\u00edtico pessoal&#8221;. As declara\u00e7\u00f5es coincidem com a forte interfer\u00eancia do chefe do Executivo na For\u00e7a, a ponto de proibir o Alto Comando de soltar um comunicado [&hellip;]<\/p>\n","protected":false},"author":22,"featured_media":16983,"comment_status":"open","ping_status":"closed","sticky":false,"template":"","format":"standard","meta":{"wpb_read_more":[],"footnotes":""},"categories":[600],"tags":[926,5489,5488,3575,2526,2787],"class_list":["post-19005","post","type-post","status-publish","format-standard","has-post-thumbnail","hentry","category-economia","tag-brasilia","tag-diz-que-exercito-esta-sendo-usado-como-estrutura-de-apoio-politico","tag-ex-porta-voz-de-bolsonaro","tag-general","tag-poder","tag-politica"],"_links":{"self":[{"href":"https:\/\/blogs2.correiobraziliense.com.br\/vicente\/wp-json\/wp\/v2\/posts\/19005","targetHints":{"allow":["GET"]}}],"collection":[{"href":"https:\/\/blogs2.correiobraziliense.com.br\/vicente\/wp-json\/wp\/v2\/posts"}],"about":[{"href":"https:\/\/blogs2.correiobraziliense.com.br\/vicente\/wp-json\/wp\/v2\/types\/post"}],"author":[{"embeddable":true,"href":"https:\/\/blogs2.correiobraziliense.com.br\/vicente\/wp-json\/wp\/v2\/users\/22"}],"replies":[{"embeddable":true,"href":"https:\/\/blogs2.correiobraziliense.com.br\/vicente\/wp-json\/wp\/v2\/comments?post=19005"}],"version-history":[{"count":1,"href":"https:\/\/blogs2.correiobraziliense.com.br\/vicente\/wp-json\/wp\/v2\/posts\/19005\/revisions"}],"predecessor-version":[{"id":19006,"href":"https:\/\/blogs2.correiobraziliense.com.br\/vicente\/wp-json\/wp\/v2\/posts\/19005\/revisions\/19006"}],"wp:featuredmedia":[{"embeddable":true,"href":"https:\/\/blogs2.correiobraziliense.com.br\/vicente\/wp-json\/wp\/v2\/media\/16983"}],"wp:attachment":[{"href":"https:\/\/blogs2.correiobraziliense.com.br\/vicente\/wp-json\/wp\/v2\/media?parent=19005"}],"wp:term":[{"taxonomy":"category","embeddable":true,"href":"https:\/\/blogs2.correiobraziliense.com.br\/vicente\/wp-json\/wp\/v2\/categories?post=19005"},{"taxonomy":"post_tag","embeddable":true,"href":"https:\/\/blogs2.correiobraziliense.com.br\/vicente\/wp-json\/wp\/v2\/tags?post=19005"}],"curies":[{"name":"wp","href":"https:\/\/api.w.org\/{rel}","templated":true}]}}