{"id":19007,"date":"2021-05-25T21:36:33","date_gmt":"2021-05-26T00:36:33","guid":{"rendered":"https:\/\/blogs2.correiobraziliense.com.br\/vicente\/?p=19007"},"modified":"2021-05-25T22:03:41","modified_gmt":"2021-05-26T01:03:41","slug":"general-diz-que-ha-interferencias-politicas-na-policia-federal-na-receita-e-no-itamaraty","status":"publish","type":"post","link":"https:\/\/blogs2.correiobraziliense.com.br\/vicente\/general-diz-que-ha-interferencias-politicas-na-policia-federal-na-receita-e-no-itamaraty\/","title":{"rendered":"General diz que h\u00e1 interfer\u00eancias pol\u00edticas na Pol\u00edcia Federal, na Receita e no Itamaraty"},"content":{"rendered":"<h2>Cr\u00edtico da forma desastrosa como o presidente Jair Bolsonaro vem conduzindo o pa\u00eds, o general Ot\u00e1vio do R\u00eago Barros, que foi porta-voz da Presid\u00eancia da Rep\u00fablica, afirma, <a href=\"https:\/\/www.correiobraziliense.com.br\/opiniao\/2021\/05\/4926643-a-estreita-senda--da-racionalidade.html\">em artigo publicado no Correio<\/a>, que o Executivo est\u00e1 interferindo politicamente na Pol\u00edcia Federal, na Receita e no Itamaraty.<\/h2>\n<p>&nbsp;<\/p>\n<p>Para ele, &#8220;algumas a\u00e7\u00f5es ou omiss\u00f5es do governo exp\u00f5em essas organiza\u00e7\u00f5es ao escrut\u00ednio cr\u00edtico, com vi\u00e9s negativo, resultando como consequ\u00eancia uma poss\u00edvel repulsa da sociedade&#8221;. O general acrescenta que as For\u00e7as Armadas, em especial o Ex\u00e9rcito, tamb\u00e9m se transformaram em estrutura de apoio pol\u00edtico pessoal do presidente.<\/p>\n<p>&nbsp;<\/p>\n<p>O general alerta ainda para uma crise pol\u00edtica que vem ganhando contornos cada vez mais preocupantes e que n\u00e3o pode passar despercebida pela sociedade. E muito disso decorre do &#8220;tribalismo digital que tomou de emboscada a nossa sociedade nos \u00faltimos anos&#8221;.<\/p>\n<p>&nbsp;<\/p>\n<p><em>Bras\u00edlia, 21h36min<\/em><\/p>\n","protected":false},"excerpt":{"rendered":"<p>Cr\u00edtico da forma desastrosa como o presidente Jair Bolsonaro vem conduzindo o pa\u00eds, o general Ot\u00e1vio do R\u00eago Barros, que foi porta-voz da Presid\u00eancia da Rep\u00fablica, afirma, em artigo publicado no Correio, que o Executivo est\u00e1 interferindo politicamente na Pol\u00edcia Federal, na Receita e no Itamaraty. &nbsp; Para ele, &#8220;algumas a\u00e7\u00f5es ou omiss\u00f5es do governo [&hellip;]<\/p>\n","protected":false},"author":22,"featured_media":10126,"comment_status":"open","ping_status":"closed","sticky":false,"template":"","format":"standard","meta":{"wpb_read_more":[],"footnotes":""},"categories":[600],"tags":[926,5490,5491,2526,2787],"class_list":["post-19007","post","type-post","status-publish","format-standard","has-post-thumbnail","hentry","category-economia","tag-brasilia","tag-general-diz-que-ha-interferencias-politicas-na-policia-federal","tag-na-receita-e-no-itamaraty","tag-poder","tag-politica"],"_links":{"self":[{"href":"https:\/\/blogs2.correiobraziliense.com.br\/vicente\/wp-json\/wp\/v2\/posts\/19007","targetHints":{"allow":["GET"]}}],"collection":[{"href":"https:\/\/blogs2.correiobraziliense.com.br\/vicente\/wp-json\/wp\/v2\/posts"}],"about":[{"href":"https:\/\/blogs2.correiobraziliense.com.br\/vicente\/wp-json\/wp\/v2\/types\/post"}],"author":[{"embeddable":true,"href":"https:\/\/blogs2.correiobraziliense.com.br\/vicente\/wp-json\/wp\/v2\/users\/22"}],"replies":[{"embeddable":true,"href":"https:\/\/blogs2.correiobraziliense.com.br\/vicente\/wp-json\/wp\/v2\/comments?post=19007"}],"version-history":[{"count":1,"href":"https:\/\/blogs2.correiobraziliense.com.br\/vicente\/wp-json\/wp\/v2\/posts\/19007\/revisions"}],"predecessor-version":[{"id":19008,"href":"https:\/\/blogs2.correiobraziliense.com.br\/vicente\/wp-json\/wp\/v2\/posts\/19007\/revisions\/19008"}],"wp:featuredmedia":[{"embeddable":true,"href":"https:\/\/blogs2.correiobraziliense.com.br\/vicente\/wp-json\/wp\/v2\/media\/10126"}],"wp:attachment":[{"href":"https:\/\/blogs2.correiobraziliense.com.br\/vicente\/wp-json\/wp\/v2\/media?parent=19007"}],"wp:term":[{"taxonomy":"category","embeddable":true,"href":"https:\/\/blogs2.correiobraziliense.com.br\/vicente\/wp-json\/wp\/v2\/categories?post=19007"},{"taxonomy":"post_tag","embeddable":true,"href":"https:\/\/blogs2.correiobraziliense.com.br\/vicente\/wp-json\/wp\/v2\/tags?post=19007"}],"curies":[{"name":"wp","href":"https:\/\/api.w.org\/{rel}","templated":true}]}}