{"id":19061,"date":"2021-05-27T12:27:41","date_gmt":"2021-05-27T15:27:41","guid":{"rendered":"https:\/\/blogs2.correiobraziliense.com.br\/vicente\/?p=19061"},"modified":"2021-05-27T21:50:23","modified_gmt":"2021-05-28T00:50:23","slug":"hackers-invadem-reuniao-virtual-de-paulo-guedes-com-empresarios","status":"publish","type":"post","link":"https:\/\/blogs2.correiobraziliense.com.br\/vicente\/hackers-invadem-reuniao-virtual-de-paulo-guedes-com-empresarios\/","title":{"rendered":"Hackers invadem reuni\u00e3o virtual de Paulo Guedes com empres\u00e1rios"},"content":{"rendered":"<h2>ROSANA HESSEL<\/h2>\n<h2>Uma reuni\u00e3o virtual do ministro da Economia, Paulo Guedes, com um grupo de empres\u00e1rios do grupo Coaliz\u00e3o da Ind\u00fastria, na manh\u00e3 desta quinta-feira (27\/05), deu o que falar ap\u00f3s hackers invadirem o evento. O ocorrido provocou constrangimento entre os jornalistas que acompanhavam a reuni\u00e3o virtual pela plataforma Zoom ao se depararem com um v\u00eddeo de um homem se masturbando, com cadastro em russo.<\/h2>\n<p>&nbsp;<\/p>\n<p>De acordo com a assessoria do evento, que confirmou o ocorrido, &#8220;a invas\u00e3o foi restrita ao acesso da imprensa&#8221;, porque ocorreu no link em que estavam apenas assessorias e os jornalistas. &#8220;N\u00e3o foi vista pelos empres\u00e1rios nem do Zoom, nem do streaming&#8221;, garantiu um assessor do evento ao<strong> Blog,<\/strong>\u00a0que informou que era preciso autoriza\u00e7\u00e3o para o acesso.<\/p>\n<p>&nbsp;<\/p>\n<p>A Coaliza\u00e7\u00e3o da Ind\u00fastria \u00e9 composta por entidades que representam 45% do Produto Interno Bruto (PIB) representando os setores automotivo; de brinquedos; de cal\u00e7ados; de cimento; de com\u00e9rcio exterior; da constru\u00e7\u00e3o civil; do el\u00e9trico e eletr\u00f4nico; de farmac\u00eauticos; de m\u00e1quinas e equipamentos; do pl\u00e1stico; do qu\u00edmico; e t\u00eaxtil.<\/p>\n<p>&nbsp;<\/p>\n<p>Segue abaixo a \u00edntegra da nota enviada \u00e0 imprensa pela entidade organizadora do evento:<\/p>\n<p>&nbsp;<\/p>\n<p><em><strong>NOTA DA COALIZ\u00c3O IND\u00daSTRIA<\/strong><\/em><\/p>\n<p><em>A Coaliz\u00e3o Ind\u00fastria informa que durante a transmiss\u00e3o para a imprensa do evento &#8220;Di\u00e1logos da Ind\u00fastria&#8221; houve, por alguns minutos, a interfer\u00eancia de terceiros que usavam nomes de jornalistas credenciados, com \u00e1udios e imagens externos. Os perfis foram exclu\u00eddos rapidamente. A transmiss\u00e3o para o p\u00fablico n\u00e3o houve interfer\u00eancias e ocorreu normalmente. A Coaliz\u00e3o Ind\u00fastria informa ainda que vai apurar os fatos e pede desculpas aos rep\u00f3rteres presentes na transmiss\u00e3o pelo inconveniente.<\/em><\/p>\n","protected":false},"excerpt":{"rendered":"<p>ROSANA HESSEL Uma reuni\u00e3o virtual do ministro da Economia, Paulo Guedes, com um grupo de empres\u00e1rios do grupo Coaliz\u00e3o da Ind\u00fastria, na manh\u00e3 desta quinta-feira (27\/05), deu o que falar ap\u00f3s hackers invadirem o evento. O ocorrido provocou constrangimento entre os jornalistas que acompanhavam a reuni\u00e3o virtual pela plataforma Zoom ao se depararem com um [&hellip;]<\/p>\n","protected":false},"author":22,"featured_media":15842,"comment_status":"open","ping_status":"closed","sticky":false,"template":"","format":"standard","meta":{"wpb_read_more":[],"footnotes":""},"categories":[600],"tags":[5497,5499,3613,5498],"class_list":["post-19061","post","type-post","status-publish","format-standard","has-post-thumbnail","hentry","category-economia","tag-coalizao-da-industria","tag-masturbador","tag-paulo-guedes","tag-reuniao-virtual"],"_links":{"self":[{"href":"https:\/\/blogs2.correiobraziliense.com.br\/vicente\/wp-json\/wp\/v2\/posts\/19061","targetHints":{"allow":["GET"]}}],"collection":[{"href":"https:\/\/blogs2.correiobraziliense.com.br\/vicente\/wp-json\/wp\/v2\/posts"}],"about":[{"href":"https:\/\/blogs2.correiobraziliense.com.br\/vicente\/wp-json\/wp\/v2\/types\/post"}],"author":[{"embeddable":true,"href":"https:\/\/blogs2.correiobraziliense.com.br\/vicente\/wp-json\/wp\/v2\/users\/22"}],"replies":[{"embeddable":true,"href":"https:\/\/blogs2.correiobraziliense.com.br\/vicente\/wp-json\/wp\/v2\/comments?post=19061"}],"version-history":[{"count":6,"href":"https:\/\/blogs2.correiobraziliense.com.br\/vicente\/wp-json\/wp\/v2\/posts\/19061\/revisions"}],"predecessor-version":[{"id":19070,"href":"https:\/\/blogs2.correiobraziliense.com.br\/vicente\/wp-json\/wp\/v2\/posts\/19061\/revisions\/19070"}],"wp:featuredmedia":[{"embeddable":true,"href":"https:\/\/blogs2.correiobraziliense.com.br\/vicente\/wp-json\/wp\/v2\/media\/15842"}],"wp:attachment":[{"href":"https:\/\/blogs2.correiobraziliense.com.br\/vicente\/wp-json\/wp\/v2\/media?parent=19061"}],"wp:term":[{"taxonomy":"category","embeddable":true,"href":"https:\/\/blogs2.correiobraziliense.com.br\/vicente\/wp-json\/wp\/v2\/categories?post=19061"},{"taxonomy":"post_tag","embeddable":true,"href":"https:\/\/blogs2.correiobraziliense.com.br\/vicente\/wp-json\/wp\/v2\/tags?post=19061"}],"curies":[{"name":"wp","href":"https:\/\/api.w.org\/{rel}","templated":true}]}}