{"id":19067,"date":"2021-05-27T15:56:54","date_gmt":"2021-05-27T18:56:54","guid":{"rendered":"https:\/\/blogs2.correiobraziliense.com.br\/vicente\/?p=19067"},"modified":"2021-05-27T15:56:54","modified_gmt":"2021-05-27T18:56:54","slug":"itau-unibanco-passa-a-prever-crescimento-de-5-no-pib-de-2021","status":"publish","type":"post","link":"https:\/\/blogs2.correiobraziliense.com.br\/vicente\/itau-unibanco-passa-a-prever-crescimento-de-5-no-pib-de-2021\/","title":{"rendered":"Ita\u00fa Unibanco passa a prever crescimento de 5% no PIB de 2021"},"content":{"rendered":"<h2>ROSANA HESSEL<\/h2>\n<h2><\/h2>\n<h2>O Ita\u00fa Unibanco acaba de revisar as proje\u00e7\u00f5es de crescimento do Produto Interno Bruto (PIB) de 2021 em menos de 14 dias. Elevou a taxa de 4% para 5%, em fun\u00e7\u00e3o dos dados da atividade do primeiro trimestre virem melhores do que o esperado e de uma expectativa de normaliza\u00e7\u00e3o da taxa de poupan\u00e7a das fam\u00edlias. Contudo, manteve em 1,8% a previs\u00e3o de crescimento do PIB de 2022.<\/h2>\n<h2><\/h2>\n<p>O banco privado projeta crescimento de 0,6% no primeiro trimestre na compara\u00e7\u00e3o com os tr\u00eas meses imediatamente anteriores e de zero na compara\u00e7\u00e3o com o mesmo per\u00edodo de 2020. <a href=\"https:\/\/blogs2.correiobraziliense.com.br\/vicente\/itau-melhora-projecao-do-pib-de-2021-mas-mantem-a-de-2022\/\">No \u00faltimo dia 7, a institui\u00e7\u00e3o havia revisado de 3,8% para 4% a previs\u00e3o do PIB deste ano.<\/a><\/p>\n<p>&nbsp;<\/p>\n<p>As novas previs\u00f5es do Ita\u00fa Unibanco est\u00e3o bem mais otimistas do que o mercado.\u00a0Atualmente, a mediana das estimativas para o crescimento do PIB de 2021 est\u00e1 em 3,52% e vem sendo corrigida para cima h\u00e1 cinco semanas consecutivas, conforme dados do boletim Focus, do Banco Central, desta semana.<\/p>\n<p>&nbsp;<\/p>\n<p>&#8220;Nossa vis\u00e3o para a atividade econ\u00f4mica\u00a0neste in\u00edcio de ano sempre esteve no segmento mais otimista das expectativas de mercado e, como\u00a0esper\u00e1vamos, a atividade econ\u00f4mica n\u00e3o sofreu de forma relevante com a redu\u00e7\u00e3o dos aux\u00edlios emergenciais&#8221;, destacou\u00a0 o relat\u00f3rio da equipe liderada pelo economista-chefe Mario Mesquita, divulgado nesta quinta-feira (27\/05).<\/p>\n<p>&nbsp;<\/p>\n<p>De acordo com o estudo, essa normaliza\u00e7\u00e3o da taxa de poupan\u00e7a vai beneficiar o consumo enquanto a alta de commodities ter\u00e1 efeito positivo no investimento.\u00a0 &#8220;Adicionalmente, o n\u00edvel baixo de\u00a0estoques no setor industrial ao final do ano passado contribuiu para manter a produ\u00e7\u00e3o em n\u00edveis bem sustentados,\u00a0apesar da desacelera\u00e7\u00e3o na demanda \u2013 a prop\u00f3sito, a recupera\u00e7\u00e3o de alguns setores industriais poderia ter sido\u00a0ainda mais forte, se n\u00e3o fosse pela escassez global de certos insumos&#8221;, destacou o documento.<\/p>\n<p>&nbsp;<\/p>\n<p>A proje\u00e7\u00e3o do segundo trimestre, antes negativa em 0,1%, passou para 0,6% na compara\u00e7\u00e3o com o trimestre anterior. Essa revis\u00e3o, segundo o relat\u00f3rio ocorreu devido, principalmente, \u00e0\u00a0recupera\u00e7\u00e3o r\u00e1pida da mobilidade e do consumo de servi\u00e7os em abril e em maio.<\/p>\n<p>&nbsp;<\/p>\n<p>&#8220;O consumo de\u00a0servi\u00e7os que envolve intera\u00e7\u00e3o social (bares, restaurantes, hot\u00e9is, sal\u00f5es de beleza, etc.) sofreu em mar\u00e7o, mas\u00a0 se\u00a0recuperou bem em abril e maio \u00e0 medida que diversos estados relaxaram as restri\u00e7\u00f5es \u00e0 mobilidade e\u00a0funcionamento de estabelecimentos&#8221;, informou o documento do banco que projeta expans\u00e3o de 11,7%, em abril, e de 30,9%, em maio, para o segmento de servi\u00e7os prestados \u00e0s fam\u00edlias na Pesquisa Mensal de Servi\u00e7os\u00a0(PMS), que tem rela\u00e7\u00e3o importante com o PIB do setor.<\/p>\n<p>&nbsp;<\/p>\n<p>Para os trimestre seguintes, as taxas de crescimento do PIB, na compara\u00e7\u00e3o com os tr\u00eas meses anteriores, ser\u00e3o de 0,7%, informou Mario Mesquita ao <strong>Blog<\/strong>.<\/p>\n<p>&nbsp;<\/p>\n<p>O relat\u00f3rio do Ita\u00fa tamb\u00e9m alerta para riscos de recrudescimento da pandemia, &#8220;mas considera o impacto econ\u00f4mico moderado, como verificado na segunda onda&#8221;. A principal aposta dos analistas do Ita\u00fa Unibanco \u00e9 no avan\u00e7o da vacina\u00e7\u00e3o para &#8220;reduzir os riscos relacionados \u00e0 din\u00e2mica do v\u00edrus no segundo semestre do ano&#8221;. &#8220;O principal risco \u00e0 frente \u00e9 o surgimento de variantes do v\u00edrus que afetem a efic\u00e1cia das vacinas aqui\u00a0aplicadas. Entretanto, a disponibilidade de vacinas no segundo semestre ser\u00e1 mais diversificada, com\u00a0tecnologias diversas e com indica\u00e7\u00f5es iniciais de que podem se adaptar a novas variantes&#8221;, destacou o documento.<\/p>\n<p>&nbsp;<\/p>\n<p>O dado oficial do PIB de janeiro a mar\u00e7o de 2021 ser\u00e1 divulgado na pr\u00f3xima ter\u00e7a-feira (1\/06) pelo Instituto Brasileiro de Geografia e Estat\u00edstica (IBGE).<\/p>\n<p>&nbsp;<\/p>\n","protected":false},"excerpt":{"rendered":"<p>ROSANA HESSEL O Ita\u00fa Unibanco acaba de revisar as proje\u00e7\u00f5es de crescimento do Produto Interno Bruto (PIB) de 2021 em menos de 14 dias. Elevou a taxa de 4% para 5%, em fun\u00e7\u00e3o dos dados da atividade do primeiro trimestre virem melhores do que o esperado e de uma expectativa de normaliza\u00e7\u00e3o da taxa de [&hellip;]<\/p>\n","protected":false},"author":22,"featured_media":17053,"comment_status":"open","ping_status":"closed","sticky":false,"template":"","format":"standard","meta":{"wpb_read_more":[],"footnotes":""},"categories":[600],"tags":[113,1212,5500,58],"class_list":["post-19067","post","type-post","status-publish","format-standard","has-post-thumbnail","hentry","category-economia","tag-crescimento","tag-itau-unibanco","tag-nova-revisao","tag-pib"],"_links":{"self":[{"href":"https:\/\/blogs2.correiobraziliense.com.br\/vicente\/wp-json\/wp\/v2\/posts\/19067","targetHints":{"allow":["GET"]}}],"collection":[{"href":"https:\/\/blogs2.correiobraziliense.com.br\/vicente\/wp-json\/wp\/v2\/posts"}],"about":[{"href":"https:\/\/blogs2.correiobraziliense.com.br\/vicente\/wp-json\/wp\/v2\/types\/post"}],"author":[{"embeddable":true,"href":"https:\/\/blogs2.correiobraziliense.com.br\/vicente\/wp-json\/wp\/v2\/users\/22"}],"replies":[{"embeddable":true,"href":"https:\/\/blogs2.correiobraziliense.com.br\/vicente\/wp-json\/wp\/v2\/comments?post=19067"}],"version-history":[{"count":1,"href":"https:\/\/blogs2.correiobraziliense.com.br\/vicente\/wp-json\/wp\/v2\/posts\/19067\/revisions"}],"predecessor-version":[{"id":19068,"href":"https:\/\/blogs2.correiobraziliense.com.br\/vicente\/wp-json\/wp\/v2\/posts\/19067\/revisions\/19068"}],"wp:featuredmedia":[{"embeddable":true,"href":"https:\/\/blogs2.correiobraziliense.com.br\/vicente\/wp-json\/wp\/v2\/media\/17053"}],"wp:attachment":[{"href":"https:\/\/blogs2.correiobraziliense.com.br\/vicente\/wp-json\/wp\/v2\/media?parent=19067"}],"wp:term":[{"taxonomy":"category","embeddable":true,"href":"https:\/\/blogs2.correiobraziliense.com.br\/vicente\/wp-json\/wp\/v2\/categories?post=19067"},{"taxonomy":"post_tag","embeddable":true,"href":"https:\/\/blogs2.correiobraziliense.com.br\/vicente\/wp-json\/wp\/v2\/tags?post=19067"}],"curies":[{"name":"wp","href":"https:\/\/api.w.org\/{rel}","templated":true}]}}