{"id":19071,"date":"2021-05-28T11:59:11","date_gmt":"2021-05-28T14:59:11","guid":{"rendered":"https:\/\/blogs2.correiobraziliense.com.br\/vicente\/?p=19071"},"modified":"2021-05-28T12:20:07","modified_gmt":"2021-05-28T15:20:07","slug":"juros-do-cartao-de-credito-e-do-cheque-especial-voltam-a-subir-sem-tregua","status":"publish","type":"post","link":"https:\/\/blogs2.correiobraziliense.com.br\/vicente\/juros-do-cartao-de-credito-e-do-cheque-especial-voltam-a-subir-sem-tregua\/","title":{"rendered":"Juros do cart\u00e3o de cr\u00e9dito e do cheque especial voltam a subir sem tr\u00e9gua"},"content":{"rendered":"<p><span style=\"font-weight: 400\">ROSANA HESSEL<\/span><\/p>\n<p>&nbsp;<\/p>\n<p><span style=\"font-weight: 400\">As fam\u00edlias brasileiras est\u00e3o cada vez mais endividadas e pagam juros crescentes nos empr\u00e9stimos, em meio \u00e0 amea\u00e7a de uma terceira onda da pandemia da covid-19 &#8212; que voltou a lotar as Unidades de Tratamento Intensivo (UTIs) de v\u00e1rios estados &#8212; e acompanhando o novo ciclo de alta da taxa b\u00e1sica de juros (Selic), iniciado em mar\u00e7o, atualmente, em 3,5% ao ano.<\/span><\/p>\n<p>&nbsp;<\/p>\n<p><span style=\"font-weight: 400\">Entre mar\u00e7o e abril de 2021, os juros totais no rotativo do cart\u00e3o de cr\u00e9dito para a pessoa f\u00edsica passaram de 334,6% para 335,3% anuais, acumulando alta de 20,2 pontos percentuais, em 12 meses, e de 7,5 pontos, desde janeiro, conforme dados divulgados nesta sexta-feira (28\/05) pelo Banco Central <a href=\"https:\/\/www.bcb.gov.br\/estatisticas\/estatisticasmonetariascredito\">na nota mensal de estat\u00edsticas monet\u00e1rias e de cr\u00e9dito<\/a>\u00a0apresentada pelo\u00a0chefe do Departamento de Estat\u00edsticas do BC, Fernando Rocha.<\/span><\/p>\n<p>&nbsp;<\/p>\n<p><span style=\"font-weight: 400\">Conforme os dados da autoridade monet\u00e1ria, as taxas m\u00e9dias de juros do cheque especial para pessoa f\u00edsica, uma das modalidades mais f\u00e1ceis e mais caras no mercado financeiro, para pessoa f\u00edsica aumentaram entre mar\u00e7o e abril, passando de 122,3% para 124,5% ao ano. No ano, o aumento foi de 9,8 pontos percentuais, e, em 12 meses, de 4,9 pontos percentuais.\u00a0<\/span><\/p>\n<p>&nbsp;<\/p>\n<p><span style=\"font-weight: 400\">A taxa m\u00e9dia para o cr\u00e9dito pessoal para pessoa f\u00edsica nos bancos privados passou de 33,7% ao ano para 34,5% anuais, com alta de 4,2 pontos percentuais no ano. O destaque de alta em 2021 ficou com os empr\u00e9stimos n\u00e3o-consignados, que saltaram 13,9 pontos percentuais de janeiro a abril, somando 88,3% anuais, a maior desde mar\u00e7o de 2020, de 94,7%. No m\u00eas anterior, estava em 87,3% ao ano.<\/span><\/p>\n<p>&nbsp;<\/p>\n<p><span style=\"font-weight: 400\">O cr\u00e9dito consignado, puxado pelos empr\u00e9stimos de benefici\u00e1rios do Instituto Nacional do Seguro Social (INSS), que representa o maior volume dos financiamentos para pessoa f\u00edsica, com crescimento e 1,8% no saldo do m\u00eas, com alta de 2,9% para os aposentados. A taxa desse tipo de empr\u00e9stimo consignado tamb\u00e9m ficou mais cara, passando de 21,2% para 21,9% entre mar\u00e7o e abril. O<\/span><span style=\"font-weight: 400\">\u00a0cr\u00e9dito\u00a0<\/span><span style=\"font-weight: 400\">consignado para servidores, de 16,3% para 16,8%, no mesmo per\u00edodo.\u00a0<\/span><\/p>\n<p>&nbsp;<\/p>\n<p>J\u00e1 o\u00a0<span style=\"font-weight: 400\">custo anual dos financiamentos para aquisi\u00e7\u00e3o de ve\u00edculos subiu de 20,6% para 21,3% entre mar\u00e7o e abril, de acordo com os dados do relat\u00f3rio. &#8220;A aquisi\u00e7\u00e3o de ve\u00edculos atingiu o valor recorde em saldo e permaneceu em crescimento&#8221;, destacou Rocha.<\/span><\/p>\n<p>&nbsp;<\/p>\n<p>O t\u00e9cnico reconheceu que houve um ligeiro aumento nas taxas m\u00e9dias de todo o sistema financeiro, medido pelo Indicador de Custo de Cr\u00e9dito (ICC) em abril, mas, &#8220;em 12 meses, esse indicador permanece em trajet\u00f3ria de redu\u00e7\u00e3o&#8221;, ficando em 17,2% ao ano no m\u00eas de abril. Contudo, o custo m\u00e9dio das concess\u00f5es realizadas no m\u00eas ficaram acima desse patamar, em pouco mais de 20% ao m\u00eas. Ele destacou que a inadimpl\u00eancia para a pessoa f\u00edsica est\u00e1 est\u00e1vel em 2,9% desde o fim de 2020, apesar de a taxa m\u00e9dia ter avan\u00e7ado de 2,1% para 2,2% entre mar\u00e7o e abril.<\/p>\n<p>&nbsp;<\/p>\n<p><strong>Estat\u00edsticas monet\u00e1rias e de cr\u00e9dito<\/strong><\/p>\n<p>&nbsp;<\/p>\n<p><span style=\"font-weight: 400\">Conforme os dados do BC, o volume do cr\u00e9dito ampliado ao setor n\u00e3o financeiro apresentou redu\u00e7\u00e3o de 1,5% no m\u00eas de abril em rela\u00e7\u00e3o ao m\u00eas anterior, para R$ 12,3 trilh\u00f5es (160% do Produto Interno Bruto &#8211; PIB), refletindo as quedas de 4,6%, nos empr\u00e9stimos da d\u00edvida externa (impulsionada pela aprecia\u00e7\u00e3o cambial de 5,16% no m\u00eas), e de 2,9% nos t\u00edtulos p\u00fablicos.\u00a0<\/span><\/p>\n<p>&nbsp;<\/p>\n<p><span style=\"font-weight: 400\">Na compara\u00e7\u00e3o com abril de 2020, o cr\u00e9dito ampliado cresceu 14,5%, resultado da eleva\u00e7\u00e3o da carteira de empr\u00e9stimos do Sistema Financeiro Nacional (SFN) e de t\u00edtulos p\u00fablicos, de acordo com o BC.\u00a0<\/span><span style=\"font-weight: 400\">&#8220;De fato, al\u00e9m do setor p\u00fablico, houve aumento dos empr\u00e9stimos do SFN e que representam mais da metade do PIB, com destaque para o aumento do endividamento das fam\u00edlias&#8221;, destacou Rocha.\u00a0<\/span><\/p>\n<p>&nbsp;<\/p>\n<p><span style=\"font-weight: 400\">O cr\u00e9dito ampliado \u00e0s empresas encolheu 1,1% no m\u00eas, para R$ 4,3 trilh\u00f5es (56,2% do PIB), refletindo, principalmente, o efeito da valoriza\u00e7\u00e3o da desvaloriza\u00e7\u00e3o do real frente ao d\u00f3lar, que ajudou a reduzir a d\u00edvida externa em 4,5% no m\u00eas.\u00a0 Rocha tamb\u00e9m admitiu que as incertezas no mercado dom\u00e9stico tamb\u00e9m tem ajudado na retra\u00e7\u00e3o dos empr\u00e9stimos de empresas, principalmente, do capital de giro de curto prazo.\u00a0<\/span><\/p>\n<p>&nbsp;<\/p>\n<p><span style=\"font-weight: 400\">No acumulado em 12 meses, houve crescimento de 7,7%, puxado pelos empr\u00e9stimos do sistema financeiro, que registram aumento de 16,3% na carteira total no per\u00edodo.<\/span><\/p>\n<p>&nbsp;<\/p>\n<p><span style=\"font-weight: 400\">O estoque do cr\u00e9dito ampliado \u00e0s fam\u00edlias registrou crescimento de 1% no m\u00eas, para R$ 2,5 trilh\u00f5es, o equivalente a 33,1% do PIB. No acumulado em 12 meses, o endividamento das fam\u00edlias via empr\u00e9stimos no SFN cresceu 13,8%, conforme dados do BC. <a href=\"https:\/\/blogs2.correiobraziliense.com.br\/vicente\/banco-central-regista-aumento-de-102-nos-emprestimos-a-pessoa-fisica\/\">Nos dados dessazonalizados, o aumento das concess\u00f5es de cr\u00e9dito \u00e0s pessoas f\u00edsicas foi de 10,2%.<\/a><\/span><\/p>\n<p>&nbsp;<\/p>\n<p>&nbsp;<\/p>\n<p><span style=\"font-weight: 400\">\u00a0<\/span><\/p>\n<p>&nbsp;<\/p>\n<p>&nbsp;<\/p>\n","protected":false},"excerpt":{"rendered":"<p>ROSANA HESSEL &nbsp; As fam\u00edlias brasileiras est\u00e3o cada vez mais endividadas e pagam juros crescentes nos empr\u00e9stimos, em meio \u00e0 amea\u00e7a de uma terceira onda da pandemia da covid-19 &#8212; que voltou a lotar as Unidades de Tratamento Intensivo (UTIs) de v\u00e1rios estados &#8212; e acompanhando o novo ciclo de alta da taxa b\u00e1sica de [&hellip;]<\/p>\n","protected":false},"author":22,"featured_media":12891,"comment_status":"open","ping_status":"closed","sticky":false,"template":"","format":"standard","meta":{"wpb_read_more":[],"footnotes":""},"categories":[600],"tags":[3,441,655,4],"class_list":["post-19071","post","type-post","status-publish","format-standard","has-post-thumbnail","hentry","category-economia","tag-banco-central","tag-cartao-de-credito","tag-cheque-especial","tag-juros"],"_links":{"self":[{"href":"https:\/\/blogs2.correiobraziliense.com.br\/vicente\/wp-json\/wp\/v2\/posts\/19071","targetHints":{"allow":["GET"]}}],"collection":[{"href":"https:\/\/blogs2.correiobraziliense.com.br\/vicente\/wp-json\/wp\/v2\/posts"}],"about":[{"href":"https:\/\/blogs2.correiobraziliense.com.br\/vicente\/wp-json\/wp\/v2\/types\/post"}],"author":[{"embeddable":true,"href":"https:\/\/blogs2.correiobraziliense.com.br\/vicente\/wp-json\/wp\/v2\/users\/22"}],"replies":[{"embeddable":true,"href":"https:\/\/blogs2.correiobraziliense.com.br\/vicente\/wp-json\/wp\/v2\/comments?post=19071"}],"version-history":[{"count":9,"href":"https:\/\/blogs2.correiobraziliense.com.br\/vicente\/wp-json\/wp\/v2\/posts\/19071\/revisions"}],"predecessor-version":[{"id":19090,"href":"https:\/\/blogs2.correiobraziliense.com.br\/vicente\/wp-json\/wp\/v2\/posts\/19071\/revisions\/19090"}],"wp:featuredmedia":[{"embeddable":true,"href":"https:\/\/blogs2.correiobraziliense.com.br\/vicente\/wp-json\/wp\/v2\/media\/12891"}],"wp:attachment":[{"href":"https:\/\/blogs2.correiobraziliense.com.br\/vicente\/wp-json\/wp\/v2\/media?parent=19071"}],"wp:term":[{"taxonomy":"category","embeddable":true,"href":"https:\/\/blogs2.correiobraziliense.com.br\/vicente\/wp-json\/wp\/v2\/categories?post=19071"},{"taxonomy":"post_tag","embeddable":true,"href":"https:\/\/blogs2.correiobraziliense.com.br\/vicente\/wp-json\/wp\/v2\/tags?post=19071"}],"curies":[{"name":"wp","href":"https:\/\/api.w.org\/{rel}","templated":true}]}}