{"id":19094,"date":"2021-05-28T13:49:58","date_gmt":"2021-05-28T16:49:58","guid":{"rendered":"https:\/\/blogs2.correiobraziliense.com.br\/vicente\/?p=19094"},"modified":"2021-05-28T15:24:38","modified_gmt":"2021-05-28T18:24:38","slug":"endividamento-das-familias-atinge-o-maior-patamar-da-historia-diz-bc","status":"publish","type":"post","link":"https:\/\/blogs2.correiobraziliense.com.br\/vicente\/endividamento-das-familias-atinge-o-maior-patamar-da-historia-diz-bc\/","title":{"rendered":"Endividamento das fam\u00edlias atinge o maior patamar da hist\u00f3ria, diz BC"},"content":{"rendered":"<p>ROSANA HESSEL<\/p>\n<p>&nbsp;<\/p>\n<p><span style=\"font-weight: 400\">O endividamento das fam\u00edlias \u00e9 crescente em meio \u00e0 crise provocada pela pandemia da covid-19 e ao desemprego recorde. Com isso, o comprometimento da renda familiar atingiu patamar nunca antes visto, de 57,7% da massa salarial em fevereiro de 2021, conforme dados da nota mensal de estat\u00edsticas monet\u00e1rias e de cr\u00e9dito divulgada pelo do Banco Central divulgados nesta sexta-feira (28\/05).\u00a0 \u00c9 o maior patamar da s\u00e9rie hist\u00f3rica do BC, iniciada em janeiro de 2005.<\/span><\/p>\n<p>&nbsp;<\/p>\n<p><span style=\"font-weight: 400\">No primeiro m\u00eas deste ano, essa taxa do endividamento das fam\u00edlias com d\u00edvidas estava 51,7% da massa salarial e esse indicador est\u00e1 acima de 50% desde julho de 2020. Desse total contabilizado em fevereiro, 30,3% responderam ao cr\u00e9dito imobili\u00e1rio. No acumulado em 12 meses, o endividamento cresceu 8,9%.<\/span><\/p>\n<p>&nbsp;<\/p>\n<p><span style=\"font-weight: 400\">Ao comentar os n\u00fameros da nota de cr\u00e9dito, o chefe do Departamento de Estat\u00edstica do Banco Central, Fernando Rocha, destacou que os dados mensais s\u00e3o defasados porque usam a base de dados do Instituto Brasileiro de Geografia e Estat\u00edstica (IBGE) para a compara\u00e7\u00e3o da massa salarial dispon\u00edvel. <\/span><\/p>\n<p>&nbsp;<\/p>\n<p><span style=\"font-weight: 400\">Segundo ele, considerando os dados dessazonalizados, o comprometimento da renda das fam\u00edlias passou de 31% para 30,7%, entre janeiro e fevereiro, no relat\u00f3rio do BC referentes ao m\u00eas de abril.\u00a0 &#8220;O\u00a0<\/span><span style=\"font-weight: 400\">n\u00edvel mais alto da s\u00e9rie hist\u00f3rica para esse dado foi 30,8% em novembro de 2020&#8243;, acrescentou. Para esse indicador, a s\u00e9rie tem in\u00edcio em mar\u00e7o de 2005.<\/span><\/p>\n<p>&nbsp;<\/p>\n<p>Conforme dados do Banco Central, o estoque em carteira do cr\u00e9dito ampliado para as fam\u00edlias, somou R$ 2,5 trilh\u00f5es em abril de 2020, o equivalente a 33% do Produto Interno Bruto (PIB). <a href=\"https:\/\/blogs2.correiobraziliense.com.br\/vicente\/banco-central-regista-aumento-de-102-nos-emprestimos-a-pessoa-fisica\/\">O volume de concess\u00f5es de empr\u00e9stimos \u00e0s fam\u00edlias cresceu 10,2% em abril, considerando dados dessazonalizados.<\/a><\/p>\n<p>&nbsp;<\/p>\n","protected":false},"excerpt":{"rendered":"<p>ROSANA HESSEL &nbsp; O endividamento das fam\u00edlias \u00e9 crescente em meio \u00e0 crise provocada pela pandemia da covid-19 e ao desemprego recorde. Com isso, o comprometimento da renda familiar atingiu patamar nunca antes visto, de 57,7% da massa salarial em fevereiro de 2021, conforme dados da nota mensal de estat\u00edsticas monet\u00e1rias e de cr\u00e9dito divulgada [&hellip;]<\/p>\n","protected":false},"author":22,"featured_media":11505,"comment_status":"open","ping_status":"closed","sticky":false,"template":"","format":"standard","meta":{"wpb_read_more":[],"footnotes":""},"categories":[600],"tags":[3,103,5502],"class_list":["post-19094","post","type-post","status-publish","format-standard","has-post-thumbnail","hentry","category-economia","tag-banco-central","tag-credito","tag-endividamento-das-familias"],"_links":{"self":[{"href":"https:\/\/blogs2.correiobraziliense.com.br\/vicente\/wp-json\/wp\/v2\/posts\/19094","targetHints":{"allow":["GET"]}}],"collection":[{"href":"https:\/\/blogs2.correiobraziliense.com.br\/vicente\/wp-json\/wp\/v2\/posts"}],"about":[{"href":"https:\/\/blogs2.correiobraziliense.com.br\/vicente\/wp-json\/wp\/v2\/types\/post"}],"author":[{"embeddable":true,"href":"https:\/\/blogs2.correiobraziliense.com.br\/vicente\/wp-json\/wp\/v2\/users\/22"}],"replies":[{"embeddable":true,"href":"https:\/\/blogs2.correiobraziliense.com.br\/vicente\/wp-json\/wp\/v2\/comments?post=19094"}],"version-history":[{"count":11,"href":"https:\/\/blogs2.correiobraziliense.com.br\/vicente\/wp-json\/wp\/v2\/posts\/19094\/revisions"}],"predecessor-version":[{"id":19105,"href":"https:\/\/blogs2.correiobraziliense.com.br\/vicente\/wp-json\/wp\/v2\/posts\/19094\/revisions\/19105"}],"wp:featuredmedia":[{"embeddable":true,"href":"https:\/\/blogs2.correiobraziliense.com.br\/vicente\/wp-json\/wp\/v2\/media\/11505"}],"wp:attachment":[{"href":"https:\/\/blogs2.correiobraziliense.com.br\/vicente\/wp-json\/wp\/v2\/media?parent=19094"}],"wp:term":[{"taxonomy":"category","embeddable":true,"href":"https:\/\/blogs2.correiobraziliense.com.br\/vicente\/wp-json\/wp\/v2\/categories?post=19094"},{"taxonomy":"post_tag","embeddable":true,"href":"https:\/\/blogs2.correiobraziliense.com.br\/vicente\/wp-json\/wp\/v2\/tags?post=19094"}],"curies":[{"name":"wp","href":"https:\/\/api.w.org\/{rel}","templated":true}]}}