{"id":191,"date":"2015-09-11T00:10:00","date_gmt":"2015-09-11T03:10:00","guid":{"rendered":"https:\/\/blogs2.correiobraziliense.com.br\/vicente\/truculencia_na_fazenda\/"},"modified":"2015-09-11T00:10:00","modified_gmt":"2015-09-11T03:10:00","slug":"truculencia_na_fazenda","status":"publish","type":"post","link":"https:\/\/blogs2.correiobraziliense.com.br\/vicente\/truculencia_na_fazenda\/","title":{"rendered":"TRUCUL\u00caNCIA NA FAZENDA"},"content":{"rendered":"\n<p>\u00bb Certos de que teriam liberdade para acompanhar a reuni\u00e3o com o procurador-geral da Fazenda Nacional, Paulo Riscado, que trata da atual situa\u00e7\u00e3o calamitosa da PGFN, os procuradores da Fazenda Nacional foram barrados em sua pr\u00f3pria casa, o Minist\u00e9rio da Fazenda.&nbsp;<b>Desrespeito \u00e0 democracia<\/b> <\/p>\n<p>\u00bb Com seis seguran\u00e7as armados posicionados em frente a uma das entradas da PGFN, que ocupa o 8\u00ba andar da Fazenda, Riscado recebeu somente alguns procuradores-chefes de cada Estado. Riscado se recusou a falar at\u00e9 com o presidente do Sindicato Nacional dos Procuradores da Fazenda Nacional (Sinprofaz), Achilles Frias. \u201cO fato de sermos barrados dentro da nossa pr\u00f3pria casa e o injustific\u00e1vel refor\u00e7o da seguran\u00e7a implicam em evidente desrespeito aos procuradores e \u00e0s suas prerrogativas\u201d, diz. <\/p>\n<p><i>Bras\u00edlia, 00h10min<\/i>   <\/p>\n","protected":false},"excerpt":{"rendered":"<p>\u00bb Certos de que teriam liberdade para acompanhar a reuni\u00e3o com o procurador-geral da Fazenda Nacional, Paulo Riscado, que trata da atual situa\u00e7\u00e3o calamitosa da PGFN, os procuradores da Fazenda Nacional foram barrados em sua pr\u00f3pria casa, o Minist\u00e9rio da Fazenda.&nbsp;Desrespeito \u00e0 democracia \u00bb Com seis seguran\u00e7as armados posicionados em frente a uma das entradas [&hellip;]<\/p>\n","protected":false},"author":22,"featured_media":0,"comment_status":"open","ping_status":"open","sticky":false,"template":"","format":"standard","meta":{"wpb_read_more":[],"footnotes":""},"categories":[1],"tags":[],"class_list":["post-191","post","type-post","status-publish","format-standard","hentry","category-sem-categoria"],"_links":{"self":[{"href":"https:\/\/blogs2.correiobraziliense.com.br\/vicente\/wp-json\/wp\/v2\/posts\/191","targetHints":{"allow":["GET"]}}],"collection":[{"href":"https:\/\/blogs2.correiobraziliense.com.br\/vicente\/wp-json\/wp\/v2\/posts"}],"about":[{"href":"https:\/\/blogs2.correiobraziliense.com.br\/vicente\/wp-json\/wp\/v2\/types\/post"}],"author":[{"embeddable":true,"href":"https:\/\/blogs2.correiobraziliense.com.br\/vicente\/wp-json\/wp\/v2\/users\/22"}],"replies":[{"embeddable":true,"href":"https:\/\/blogs2.correiobraziliense.com.br\/vicente\/wp-json\/wp\/v2\/comments?post=191"}],"version-history":[{"count":0,"href":"https:\/\/blogs2.correiobraziliense.com.br\/vicente\/wp-json\/wp\/v2\/posts\/191\/revisions"}],"wp:attachment":[{"href":"https:\/\/blogs2.correiobraziliense.com.br\/vicente\/wp-json\/wp\/v2\/media?parent=191"}],"wp:term":[{"taxonomy":"category","embeddable":true,"href":"https:\/\/blogs2.correiobraziliense.com.br\/vicente\/wp-json\/wp\/v2\/categories?post=191"},{"taxonomy":"post_tag","embeddable":true,"href":"https:\/\/blogs2.correiobraziliense.com.br\/vicente\/wp-json\/wp\/v2\/tags?post=191"}],"curies":[{"name":"wp","href":"https:\/\/api.w.org\/{rel}","templated":true}]}}