{"id":192,"date":"2015-09-11T03:10:00","date_gmt":"2015-09-11T06:10:00","guid":{"rendered":"https:\/\/blogs2.correiobraziliense.com.br\/vicente\/destruicao_de_riqueza\/"},"modified":"2015-09-11T03:10:00","modified_gmt":"2015-09-11T06:10:00","slug":"destruicao_de_riqueza","status":"publish","type":"post","link":"https:\/\/blogs2.correiobraziliense.com.br\/vicente\/destruicao_de_riqueza\/","title":{"rendered":"DESTRUI\u00c7\u00c3O DE RIQUEZA"},"content":{"rendered":"\n<p>Muita gente do governo comemorou, ainda que discretamente, o resultado dos mercados financeiros no dia seguinte ao rebaixamento do Brasil pela Standard &amp; Poor\u2019s (S&amp;P). \u201cN\u00e3o foi o p\u00e2nico que esper\u00e1vamos e tem\u00edamos\u201d, disse um ministro, certo de que os investidores entenderam que a presidente Dilma Rousseff est\u00e1 disposta a agir para evitar o pior. \u201cPassamos bem pelo dia mais dif\u00edcil\u201d, emendou. <\/p>\n<p>Tal vis\u00e3o s\u00f3 refor\u00e7a o quanto esse governo n\u00e3o tem no\u00e7\u00e3o da realidade \u2014 ou finge n\u00e3o ter. A rea\u00e7\u00e3o do mercado financeiro \u00e9 a parte mais imediata, e menos importante, do estrago provocado pela perda do grau de investimento. O que realmente importa \u00e9 a economia real, e esta pagar\u00e1 caro pelas mazelas que Dilma imp\u00f4s ao pa\u00eds. Sem o selo de bom pagador, as incertezas se acentuaram. Todas as proje\u00e7\u00f5es de indicadores que interferem no dia a dia das pessoas pioraram \u2013 e muito. <\/p>\n<p>Os especialistas est\u00e3o certos de que a recess\u00e3o vai se agravar. O Ita\u00fa Unibanco aumentou a previs\u00e3o de queda do Produto Interno Bruto (PIB) neste ano de 2,3% para 2,8%. Em 2016, em vez de 1%, o tombo ser\u00e1 de 1,2%. No caso da infla\u00e7\u00e3o, o banco projeta taxa de 9,5% (era de 9,3%) em 2015 e de 6,5% (ante 5,8%) no ano que vem. A combina\u00e7\u00e3o perversa de retra\u00e7\u00e3o econ\u00f4mica com infla\u00e7\u00e3o em alta levar\u00e1 o desemprego \u00e0s alturas, assim como a dificuldade dos trabalhadores de honrarem d\u00edvidas. <\/p>\n<p>\u201cN\u00e3o h\u00e1 d\u00favidas de que as coisas v\u00e3o piorar muito\u201d, ressalta Jo\u00e3o Pedro Ribeiro, analista da Nomura Securities. Com os dois anos seguidos de contra\u00e7\u00e3o do PIB, o tamanho da economia brasileira retornar\u00e1 aos n\u00edveis de 2012. A renda dos trabalhadores recuar\u00e1 ainda mais, devido \u00e0 arrancada da infla\u00e7\u00e3o e ao aumento do desemprego, e dever\u00e1 se situar nos patamares de 2010, \u00faltimo ano da era Lula \u2014 ou seja, ser\u00e3o cinco anos perdidos. <\/p>\n<p>Essas proje\u00e7\u00f5es explicitam como Dilma se especializou em destruir riquezas e sonhos. Quando ela foi reeleita, sobretudo pelos mais pobres, acreditou-se que preservaria conquistas importantes: planos de sa\u00fade, escola particular para os filhos, cursos de l\u00edngua e viagens de f\u00e9rias, inclusive para o exterior. Numa economia deprimida, contudo, s\u00e3o esses ganhos os primeiros a serem limados pela popula\u00e7\u00e3o. <\/p>\n<p>\u201cO quadro \u00e9 t\u00e3o complicado, que o movimento nas emerg\u00eancias dos hospitais caiu 30%, em m\u00e9dia, desde o in\u00edcio do ano\u201d, diz um diretor de uma das principais redes de hospitais do Distrito Federal. \u201cE n\u00e3o foi porque as pessoas est\u00e3o com sa\u00fade melhor. Elas perderam o plano de sa\u00fade, seja porque ficaram desempregadas, seja porque n\u00e3o conseguiram mais pagar as mensalidades\u201d, acrescenta.&nbsp;<b>Fim de linha<\/b> <\/p>\n<p>As perdas contabilizadas pela popula\u00e7\u00e3o tendem a ampliar a insatisfa\u00e7\u00e3o em rela\u00e7\u00e3o ao governo. \u00c9 por isso que muitos analistas n\u00e3o acreditam na perman\u00eancia de Dilma no Pal\u00e1cio do Planalto por muito mais tempo. N\u00e3o h\u00e1, no entender deles, como um presidente se sustentar no cargo com a economia \u00e0 beira de um colapso e uma crise pol\u00edtica que inviabiliza qualquer a\u00e7\u00e3o do Executivo para aprovar um ajuste fiscal consistente que possa reverter o estrago provocado pelo rebaixamento do pa\u00eds.&nbsp;A falta de confian\u00e7a em Dilma \u00e9 tamanha, que as estimativas para as contas p\u00fablicas pioram dia ap\u00f3s dia. O governo enviou ao Congresso o projeto de Or\u00e7amento de 2016 com previs\u00e3o de rombo de R$ 30,5 bilh\u00f5es, o equivalente a 0,34% do PIB. Os especialistas garantem, contudo, que o buraco ser\u00e1 maior, de ao menos 1% do PIB, o que refor\u00e7a a tese de que a presidente n\u00e3o ter\u00e1 for\u00e7as pol\u00edticas nem para cortar gastos nem para aprovar aumento de impostos.&nbsp;\u201cN\u00e3o vemos coordena\u00e7\u00e3o no governo para levar um ajuste fiscal adiante\u201d, afirma Ribeiro, da Nomura Securities. Por enquanto, ele n\u00e3o acredita em impeachment nem em ren\u00fancia de Dilma, mas o encurtamento de mandato da petista est\u00e1 em todos os cen\u00e1rios tra\u00e7ados pelos investidores e come\u00e7a a ganhar relev\u00e2ncia, ante a ina\u00e7\u00e3o do Pal\u00e1cio do Planalto, que se apegou a discursos e promessas em vez de agir com convic\u00e7\u00e3o para mostrar que o pa\u00eds n\u00e3o est\u00e1 \u00e0 deriva.&nbsp;\u201cN\u00e3o vejo um acerto aparente entre o PMDB e o PSDB para levar adiante o processo de afastamento da presidente\u201d, diz Ribeiro. \u201cTrata-se de um processo arriscado. Temos que ver se o PMDB quer ser vidra\u00e7a num quadro pol\u00edtico conturbado, com uma Opera\u00e7\u00e3o Lava-Jato a pleno vapor. N\u00e3o \u00e9 s\u00f3: como reagir\u00e1 o governo diante de um movimento para derrub\u00e1-lo? Certamente, correr\u00e1 mais \u00e0 esquerda, jogando o ajuste fiscal para o alto\u201d, complementa.&nbsp;Diante de tudo o que se est\u00e1 vendo, \u00e9 melhor a popula\u00e7\u00e3o se ajoelhar e rezar. Se uma coisa est\u00e1 certa no Brasil das incertezas \u00e9 que a fatura vai ser pesada para todos. De uma forma ou de outra, todos ter\u00e3o de dar sua cota de sacrif\u00edcio: perdendo o emprego, dando calote em lojas e bancos, tirando produtos b\u00e1sicos do carrinho do supermercado, adiando sonhos e, claro, pagando mais impostos, pois, como diz o ministro da Fazenda, Joaquim Levy, estar\u00e1 se fazendo um investimento, dando uma m\u00e3ozinha a um governo perdul\u00e1rio e irrespons\u00e1vel, que jogou o pa\u00eds no atoleiro.&nbsp;<b>Fio de esperan\u00e7a<\/b> <\/p>\n<p>\u00bb Joaquim Levy sabe que se tornou o \u00fanico fio de esperan\u00e7a do governo para evitar a derrocada geral da administra\u00e7\u00e3o Dilma Rousseff. Acredita que, enfim, v\u00e3o fazer o que sempre defendeu: um ajuste fiscal consistente. O risco de se decepcionar novamente \u00e9 enorme.<i> <\/p>\n<p><\/i><i>Bras\u00edlia, 03h10min<\/i>   <\/p>\n","protected":false},"excerpt":{"rendered":"<p>Muita gente do governo comemorou, ainda que discretamente, o resultado dos mercados financeiros no dia seguinte ao rebaixamento do Brasil pela Standard &amp; Poor\u2019s (S&amp;P). \u201cN\u00e3o foi o p\u00e2nico que esper\u00e1vamos e tem\u00edamos\u201d, disse um ministro, certo de que os investidores entenderam que a presidente Dilma Rousseff est\u00e1 disposta a agir para evitar o pior. [&hellip;]<\/p>\n","protected":false},"author":22,"featured_media":0,"comment_status":"open","ping_status":"open","sticky":false,"template":"","format":"standard","meta":{"wpb_read_more":[],"footnotes":""},"categories":[1],"tags":[],"class_list":["post-192","post","type-post","status-publish","format-standard","hentry","category-sem-categoria"],"_links":{"self":[{"href":"https:\/\/blogs2.correiobraziliense.com.br\/vicente\/wp-json\/wp\/v2\/posts\/192","targetHints":{"allow":["GET"]}}],"collection":[{"href":"https:\/\/blogs2.correiobraziliense.com.br\/vicente\/wp-json\/wp\/v2\/posts"}],"about":[{"href":"https:\/\/blogs2.correiobraziliense.com.br\/vicente\/wp-json\/wp\/v2\/types\/post"}],"author":[{"embeddable":true,"href":"https:\/\/blogs2.correiobraziliense.com.br\/vicente\/wp-json\/wp\/v2\/users\/22"}],"replies":[{"embeddable":true,"href":"https:\/\/blogs2.correiobraziliense.com.br\/vicente\/wp-json\/wp\/v2\/comments?post=192"}],"version-history":[{"count":0,"href":"https:\/\/blogs2.correiobraziliense.com.br\/vicente\/wp-json\/wp\/v2\/posts\/192\/revisions"}],"wp:attachment":[{"href":"https:\/\/blogs2.correiobraziliense.com.br\/vicente\/wp-json\/wp\/v2\/media?parent=192"}],"wp:term":[{"taxonomy":"category","embeddable":true,"href":"https:\/\/blogs2.correiobraziliense.com.br\/vicente\/wp-json\/wp\/v2\/categories?post=192"},{"taxonomy":"post_tag","embeddable":true,"href":"https:\/\/blogs2.correiobraziliense.com.br\/vicente\/wp-json\/wp\/v2\/tags?post=192"}],"curies":[{"name":"wp","href":"https:\/\/api.w.org\/{rel}","templated":true}]}}