{"id":19218,"date":"2021-06-02T12:01:58","date_gmt":"2021-06-02T15:01:58","guid":{"rendered":"https:\/\/blogs2.correiobraziliense.com.br\/vicente\/?p=19218"},"modified":"2021-06-02T12:40:29","modified_gmt":"2021-06-02T15:40:29","slug":"justica-determina-que-aeroporto-de-brasilia-de-acesso-livre-a-policiais-legislativos","status":"publish","type":"post","link":"https:\/\/blogs2.correiobraziliense.com.br\/vicente\/justica-determina-que-aeroporto-de-brasilia-de-acesso-livre-a-policiais-legislativos\/","title":{"rendered":"Justi\u00e7a determina que Aeroporto de Bras\u00edlia d\u00ea acesso livre a policiais legislativos"},"content":{"rendered":"<h2>O desembargador Souza Prudente, acatou pedido da Mesa Diretora do Senado para que a Infram\u00e9rica, concession\u00e1ria respons\u00e1vel pela administra\u00e7\u00e3o do Aeroporto de Bras\u00edlia, d\u00ea acesso livre, sem \u00f4nus, a policiais legislativos que estejam acompanhando senadores na hora do embarque ou que v\u00e3o receb\u00ea-los de viagens.<\/h2>\n<p>&nbsp;<\/p>\n<p>Segundo o desembargador, \u00e9 preciso que os parlamentares tenham seguran\u00e7a tanto na \u00e1rea de embarque quanto no desembarque, devido ao clima hostil que se instalou no pa\u00eds. De mar\u00e7o de 2020 a mar\u00e7o deste ano, havia uma \u00e1rea espec\u00edfica no aeroporto usada pelos senados, ao custo de R$ 29 mil por m\u00eas para o Senado. Mas o contrato foi rompido.<\/p>\n<p>&nbsp;<\/p>\n<p>Em sua decis\u00e3o, o desembargador deferiu &#8220;pedido de antecipa\u00e7\u00e3o da tutela recursal, para determinar \u00e0 promovida Infram\u00e9rica Concession\u00e1ria do Aeroporto de Bras\u00edlia, que\u00a0proceda \u00e0 autoriza\u00e7\u00e3o e \u00e0 viabiliza\u00e7\u00e3o, com expedi\u00e7\u00e3o de novas credenciais ou convalida\u00e7\u00e3o de credenciais, expedidas na vig\u00eancia da cess\u00e3o de uso em tela, para que os policiais legislativos do Senado Federal acompanhem os Senadores e Senadoras at\u00e9 o embarque na aeronave, ou encontre-os\/as no desembarque, inclusive nos port\u00f5es de embarque e portas das aeronaves, sem \u00f4nus pecuni\u00e1rios ou de qualquer esp\u00e9cie ao Senado Federal, observadas as normas de acesso e seguran\u00e7a aplic\u00e1veis aos demais \u00f3rg\u00e3os de seguran\u00e7a p\u00fablica que atuam no Aeroporto de Bras\u00edlia, at\u00e9 o pronunciamento definitivo da Turma julgadora&#8221;.<\/p>\n<p>&nbsp;<\/p>\n<p>Souza Prudente diz ainda, na decis\u00e3o, que, caso na cumpra a determina\u00e7\u00e3o no prazo de cinco dias \u00fateis, a Infram\u00e9rica ter\u00e1 de pagar multa de R$ 5 mil por dia de atraso.<\/p>\n<p>&nbsp;<\/p>\n<p><em>Bras\u00edlia, 12h01min<\/em><\/p>\n","protected":false},"excerpt":{"rendered":"<p>O desembargador Souza Prudente, acatou pedido da Mesa Diretora do Senado para que a Infram\u00e9rica, concession\u00e1ria respons\u00e1vel pela administra\u00e7\u00e3o do Aeroporto de Bras\u00edlia, d\u00ea acesso livre, sem \u00f4nus, a policiais legislativos que estejam acompanhando senadores na hora do embarque ou que v\u00e3o receb\u00ea-los de viagens. &nbsp; Segundo o desembargador, \u00e9 preciso que os parlamentares tenham [&hellip;]<\/p>\n","protected":false},"author":22,"featured_media":9892,"comment_status":"open","ping_status":"closed","sticky":false,"template":"","format":"standard","meta":{"wpb_read_more":[],"footnotes":""},"categories":[600],"tags":[282,5512,2526,2787],"class_list":["post-19218","post","type-post","status-publish","format-standard","has-post-thumbnail","hentry","category-economia","tag-justica","tag-justica-determina-que-aeroporto-de-brasilia-de-acesso-livre-a-policiais-legislativos","tag-poder","tag-politica"],"_links":{"self":[{"href":"https:\/\/blogs2.correiobraziliense.com.br\/vicente\/wp-json\/wp\/v2\/posts\/19218","targetHints":{"allow":["GET"]}}],"collection":[{"href":"https:\/\/blogs2.correiobraziliense.com.br\/vicente\/wp-json\/wp\/v2\/posts"}],"about":[{"href":"https:\/\/blogs2.correiobraziliense.com.br\/vicente\/wp-json\/wp\/v2\/types\/post"}],"author":[{"embeddable":true,"href":"https:\/\/blogs2.correiobraziliense.com.br\/vicente\/wp-json\/wp\/v2\/users\/22"}],"replies":[{"embeddable":true,"href":"https:\/\/blogs2.correiobraziliense.com.br\/vicente\/wp-json\/wp\/v2\/comments?post=19218"}],"version-history":[{"count":1,"href":"https:\/\/blogs2.correiobraziliense.com.br\/vicente\/wp-json\/wp\/v2\/posts\/19218\/revisions"}],"predecessor-version":[{"id":19219,"href":"https:\/\/blogs2.correiobraziliense.com.br\/vicente\/wp-json\/wp\/v2\/posts\/19218\/revisions\/19219"}],"wp:featuredmedia":[{"embeddable":true,"href":"https:\/\/blogs2.correiobraziliense.com.br\/vicente\/wp-json\/wp\/v2\/media\/9892"}],"wp:attachment":[{"href":"https:\/\/blogs2.correiobraziliense.com.br\/vicente\/wp-json\/wp\/v2\/media?parent=19218"}],"wp:term":[{"taxonomy":"category","embeddable":true,"href":"https:\/\/blogs2.correiobraziliense.com.br\/vicente\/wp-json\/wp\/v2\/categories?post=19218"},{"taxonomy":"post_tag","embeddable":true,"href":"https:\/\/blogs2.correiobraziliense.com.br\/vicente\/wp-json\/wp\/v2\/tags?post=19218"}],"curies":[{"name":"wp","href":"https:\/\/api.w.org\/{rel}","templated":true}]}}