{"id":19264,"date":"2021-06-05T15:01:54","date_gmt":"2021-06-05T18:01:54","guid":{"rendered":"https:\/\/blogs2.correiobraziliense.com.br\/vicente\/?p=19264"},"modified":"2021-06-05T15:45:51","modified_gmt":"2021-06-05T18:45:51","slug":"planalto-corre-para-evitar-vexame-de-bolsonaro-caso-selecao-diga-nao-a-copa-america","status":"publish","type":"post","link":"https:\/\/blogs2.correiobraziliense.com.br\/vicente\/planalto-corre-para-evitar-vexame-de-bolsonaro-caso-selecao-diga-nao-a-copa-america\/","title":{"rendered":"Planalto corre para evitar vexame de Bolsonaro caso Sele\u00e7\u00e3o diga n\u00e3o \u00e0 Copa Am\u00e9rica"},"content":{"rendered":"<h2>O Pal\u00e1cio do Planalto botou toda a sua estrutura em funcionamento para tentar evitar o vexame do presidente Jair Bolsonaro se a Sele\u00e7\u00e3o Brasileira disser n\u00e3o \u00e0 Copa Am\u00e9rica. O presidente j\u00e1 foi avisado de que todos os jogadores convocados pelo t\u00e9cnico Tite est\u00e3o fechados no prop\u00f3sito de n\u00e3o disputarem o torneio, cujo in\u00edcio est\u00e1 marcado para 13 de junho.<\/h2>\n<p>&nbsp;<\/p>\n<p>A percep\u00e7\u00e3o de que o vexame de Bolsonaro est\u00e1 mais pr\u00f3ximo ganhou for\u00e7a depois das declara\u00e7\u00f5es de Casemiro. Na sexta-feira (04\/06), ap\u00f3s a vit\u00f3ria do Brasil sobre o Equador por 2 a 0, pelas Eliminat\u00f3rias da Copa do Mundo, o jogador disse que a posi\u00e7\u00e3o de seus colegas e da comiss\u00e3o t\u00e9cnica sobre a Copa Am\u00e9rica \u00e9 un\u00e2nime e de conhecimento p\u00fablico, dando a entender que todos s\u00e3o contr\u00e1rios \u00e0 realiza\u00e7\u00e3o do torneio.<\/p>\n<p>&nbsp;<\/p>\n<p>&#8220;N\u00e3o podemos falar do assunto. Todo mundo j\u00e1 sabe do nosso posicionamento. Mais claro, imposs\u00edvel. O Tite deixou claro para todo mundo o que n\u00f3s pensamos da Copa Am\u00e9rica. Existe respeito e hierarquias que respeitamos. Claro que queremos dar a nossa opini\u00e3o, rolou muita coisa&#8221;, afirmou Casemiro, em entrevista \u00e0 TV Globo, ap\u00f3s a partida contra o Equador.<\/p>\n<p>&nbsp;<\/p>\n<p>O Planalto acredita que, mesmo com a negativa da atual Sele\u00e7\u00e3o, ser\u00e1 poss\u00edvel convocar um novo time a tempo de participar do torneio e trocar Tite por um t\u00e9cnico mais favor\u00e1vel ao governo. Isso j\u00e1 estaria sendo negociado com a Confedera\u00e7\u00e3o Brasileira de Futebol (CBF).<\/p>\n<p>&nbsp;<\/p>\n<p>Bolsonaro\u00a0bancou a realiza\u00e7\u00e3o da Copa Am\u00e9rica no pa\u00eds, mesmo com a pandemia do novo coronav\u00edrus ainda matando, em m\u00e9dia, 2 mil pessoas por dia e\u00a0 mesmo n\u00e3o havendo vacinas suficientes para proteger a popula\u00e7\u00e3o.<\/p>\n<p>&nbsp;<\/p>\n<p>Pelo que disse Casemiro, a Sele\u00e7\u00e3o pretende tornar p\u00fablica a sua posi\u00e7\u00e3o sobre a Copa Am\u00e9rica na pr\u00f3xima ter\u00e7a-feira (08\/06), depois da partida contra o Paraguai, em Assun\u00e7\u00e3o, tamb\u00e9m pelas Eliminat\u00f3rias. Ante essa promessa, a tens\u00e3o no governo s\u00f3 aumenta. Nunca uma Sele\u00e7\u00e3o se recusou a jogar em qualquer torneio<\/p>\n<p>&nbsp;<\/p>\n<p><em>Bras\u00edlia, 15h01min<\/em><\/p>\n","protected":false},"excerpt":{"rendered":"<p>O Pal\u00e1cio do Planalto botou toda a sua estrutura em funcionamento para tentar evitar o vexame do presidente Jair Bolsonaro se a Sele\u00e7\u00e3o Brasileira disser n\u00e3o \u00e0 Copa Am\u00e9rica. O presidente j\u00e1 foi avisado de que todos os jogadores convocados pelo t\u00e9cnico Tite est\u00e3o fechados no prop\u00f3sito de n\u00e3o disputarem o torneio, cujo in\u00edcio est\u00e1 [&hellip;]<\/p>\n","protected":false},"author":22,"featured_media":10126,"comment_status":"open","ping_status":"closed","sticky":false,"template":"","format":"standard","meta":{"wpb_read_more":[],"footnotes":""},"categories":[600],"tags":[926,5524,5525,2526,2787],"class_list":["post-19264","post","type-post","status-publish","format-standard","has-post-thumbnail","hentry","category-economia","tag-brasilia","tag-esportes","tag-planalto-corre-para-evitar-vexame-de-bolsonaro-caso-selecao-diga-nao-a-copa-america","tag-poder","tag-politica"],"_links":{"self":[{"href":"https:\/\/blogs2.correiobraziliense.com.br\/vicente\/wp-json\/wp\/v2\/posts\/19264","targetHints":{"allow":["GET"]}}],"collection":[{"href":"https:\/\/blogs2.correiobraziliense.com.br\/vicente\/wp-json\/wp\/v2\/posts"}],"about":[{"href":"https:\/\/blogs2.correiobraziliense.com.br\/vicente\/wp-json\/wp\/v2\/types\/post"}],"author":[{"embeddable":true,"href":"https:\/\/blogs2.correiobraziliense.com.br\/vicente\/wp-json\/wp\/v2\/users\/22"}],"replies":[{"embeddable":true,"href":"https:\/\/blogs2.correiobraziliense.com.br\/vicente\/wp-json\/wp\/v2\/comments?post=19264"}],"version-history":[{"count":1,"href":"https:\/\/blogs2.correiobraziliense.com.br\/vicente\/wp-json\/wp\/v2\/posts\/19264\/revisions"}],"predecessor-version":[{"id":19265,"href":"https:\/\/blogs2.correiobraziliense.com.br\/vicente\/wp-json\/wp\/v2\/posts\/19264\/revisions\/19265"}],"wp:featuredmedia":[{"embeddable":true,"href":"https:\/\/blogs2.correiobraziliense.com.br\/vicente\/wp-json\/wp\/v2\/media\/10126"}],"wp:attachment":[{"href":"https:\/\/blogs2.correiobraziliense.com.br\/vicente\/wp-json\/wp\/v2\/media?parent=19264"}],"wp:term":[{"taxonomy":"category","embeddable":true,"href":"https:\/\/blogs2.correiobraziliense.com.br\/vicente\/wp-json\/wp\/v2\/categories?post=19264"},{"taxonomy":"post_tag","embeddable":true,"href":"https:\/\/blogs2.correiobraziliense.com.br\/vicente\/wp-json\/wp\/v2\/tags?post=19264"}],"curies":[{"name":"wp","href":"https:\/\/api.w.org\/{rel}","templated":true}]}}