{"id":19277,"date":"2021-06-05T19:21:03","date_gmt":"2021-06-05T22:21:03","guid":{"rendered":"https:\/\/blogs2.correiobraziliense.com.br\/vicente\/?p=19277"},"modified":"2021-06-05T19:48:03","modified_gmt":"2021-06-05T22:48:03","slug":"planalto-ve-complo-de-selecao-para-convencer-outros-times-a-boicotarem-copa-america","status":"publish","type":"post","link":"https:\/\/blogs2.correiobraziliense.com.br\/vicente\/planalto-ve-complo-de-selecao-para-convencer-outros-times-a-boicotarem-copa-america\/","title":{"rendered":"Planalto v\u00ea compl\u00f4 de Sele\u00e7\u00e3o para convencer outros times a boicotarem Copa Am\u00e9rica"},"content":{"rendered":"<h2>A tens\u00e3o aumentou muito no Pal\u00e1cio do Planalto ante a possibilidade de a Copa Am\u00e9rica se tornar um fiasco. Assessores do presidente Jair Bolsonaro j\u00e1 levantam a possibilidade de jogadores da Sele\u00e7\u00e3o Brasileira, em especial, os que atuam na Europa, estarem atuando nos bastidores para convencer outros times a acompanharem a decis\u00e3o do grupo brasileiro de boicotar a competi\u00e7\u00e3o.<\/h2>\n<p>&nbsp;<\/p>\n<p>&#8220;Vemos um compl\u00f4 em andamento&#8221;, diz um assessor pr\u00f3ximo de Bolsonaro. Para ele, est\u00e3o tentando manchar a imagem do presidente, que &#8220;assumiu o \u00f4nus&#8221; de aceitar a realiza\u00e7\u00e3o da Copa Am\u00e9rica no Brasil depois de o torneio ser rejeitado pela Col\u00f4mbia e pela Argentina. &#8220;Virou uma guerra pol\u00edtica&#8221;, acrescenta.<\/p>\n<p>&nbsp;<\/p>\n<p>No entorno do presidente, admite-se que o boicote \u00e0 Copa Am\u00e9rica ter\u00e1 um custo pol\u00edtico enorme para Bolsonaro, que bancou a realiza\u00e7\u00e3o do evento no Brasil mesmo em meio \u00e0 pandemia do novo coronav\u00edrus. O pa\u00eds caminha rapidamente para 500 mil mortes pela covid-19 \u2014 somente os Estados Unidos t\u00eam mais v\u00edtimas da doen\u00e7a.<\/p>\n<p>&nbsp;<\/p>\n<p>A ordem do presidente da Rep\u00fablica \u00e9 para que n\u00e3o haja recuo no seu prop\u00f3sito de realiza\u00e7\u00e3o da Copa Am\u00e9rica no Brasil, pois o assunto virou uma &#8220;quest\u00e3o de honra&#8221;. O in\u00edcio dos jogos est\u00e1 marcado para 13 de junho. No Planalto, ainda h\u00e1 a torcida para que os jogadores da Sele\u00e7\u00e3o e a equipe t\u00e9cnica chefiada por Tite sejam enquadrados pela CBF.<\/p>\n<p>&nbsp;<\/p>\n<p>&#8220;N\u00e3o se pode esquecer que a remunera\u00e7\u00e3o da Sele\u00e7\u00e3o por jogar a Copa Am\u00e9rica \u00e9 muito alta. O pr\u00eamio pela vit\u00f3ria no torneio tamb\u00e9m \u00e9 compensador. Certamente, os jogadores sabem bem disso&#8221;, diz outro integrante do Planalto. &#8220;Vamos ver o que fala mais alto, o bolso ou a posi\u00e7\u00e3o pol\u00edtica&#8221;, frisa.<\/p>\n<p>&nbsp;<\/p>\n<p>Ciente de que Bolsonaro pode ser submetido a um vexame mundial, o <a href=\"https:\/\/blogs2.correiobraziliense.com.br\/vicente\/planalto-corre-para-evitar-vexame-de-bolsonaro-caso-selecao-diga-nao-a-copa-america\/\">Planalto corre para tentar evitar o boicote da Sele\u00e7\u00e3o Brasileira<\/a> \u00e0 Copa Am\u00e9rica. <a href=\"https:\/\/blogs2.correiobraziliense.com.br\/vicente\/jogadores-da-selecao-nao-podem-desafiar-o-presidente-diz-integrante-do-planalto\/\">&#8220;Os jogadores n\u00e3o podem desafiar o presidente&#8221;<\/a>, assinala, revoltado, o mesmo integrante do Planalto.<\/p>\n<p>&nbsp;<\/p>\n<p><em>Bras\u00edlia, 19h21min<\/em><\/p>\n","protected":false},"excerpt":{"rendered":"<p>A tens\u00e3o aumentou muito no Pal\u00e1cio do Planalto ante a possibilidade de a Copa Am\u00e9rica se tornar um fiasco. Assessores do presidente Jair Bolsonaro j\u00e1 levantam a possibilidade de jogadores da Sele\u00e7\u00e3o Brasileira, em especial, os que atuam na Europa, estarem atuando nos bastidores para convencer outros times a acompanharem a decis\u00e3o do grupo brasileiro [&hellip;]<\/p>\n","protected":false},"author":22,"featured_media":19278,"comment_status":"open","ping_status":"closed","sticky":false,"template":"","format":"standard","meta":{"wpb_read_more":[],"footnotes":""},"categories":[600],"tags":[5524,5529,2526,2787],"class_list":["post-19277","post","type-post","status-publish","format-standard","has-post-thumbnail","hentry","category-economia","tag-esportes","tag-planalto-ve-complo-de-selecao-para-convencer-outros-times-a-boicotarem-copa-america","tag-poder","tag-politica"],"_links":{"self":[{"href":"https:\/\/blogs2.correiobraziliense.com.br\/vicente\/wp-json\/wp\/v2\/posts\/19277","targetHints":{"allow":["GET"]}}],"collection":[{"href":"https:\/\/blogs2.correiobraziliense.com.br\/vicente\/wp-json\/wp\/v2\/posts"}],"about":[{"href":"https:\/\/blogs2.correiobraziliense.com.br\/vicente\/wp-json\/wp\/v2\/types\/post"}],"author":[{"embeddable":true,"href":"https:\/\/blogs2.correiobraziliense.com.br\/vicente\/wp-json\/wp\/v2\/users\/22"}],"replies":[{"embeddable":true,"href":"https:\/\/blogs2.correiobraziliense.com.br\/vicente\/wp-json\/wp\/v2\/comments?post=19277"}],"version-history":[{"count":1,"href":"https:\/\/blogs2.correiobraziliense.com.br\/vicente\/wp-json\/wp\/v2\/posts\/19277\/revisions"}],"predecessor-version":[{"id":19279,"href":"https:\/\/blogs2.correiobraziliense.com.br\/vicente\/wp-json\/wp\/v2\/posts\/19277\/revisions\/19279"}],"wp:featuredmedia":[{"embeddable":true,"href":"https:\/\/blogs2.correiobraziliense.com.br\/vicente\/wp-json\/wp\/v2\/media\/19278"}],"wp:attachment":[{"href":"https:\/\/blogs2.correiobraziliense.com.br\/vicente\/wp-json\/wp\/v2\/media?parent=19277"}],"wp:term":[{"taxonomy":"category","embeddable":true,"href":"https:\/\/blogs2.correiobraziliense.com.br\/vicente\/wp-json\/wp\/v2\/categories?post=19277"},{"taxonomy":"post_tag","embeddable":true,"href":"https:\/\/blogs2.correiobraziliense.com.br\/vicente\/wp-json\/wp\/v2\/tags?post=19277"}],"curies":[{"name":"wp","href":"https:\/\/api.w.org\/{rel}","templated":true}]}}