{"id":19280,"date":"2021-06-06T16:01:45","date_gmt":"2021-06-06T19:01:45","guid":{"rendered":"https:\/\/blogs2.correiobraziliense.com.br\/vicente\/?p=19280"},"modified":"2021-06-06T17:18:55","modified_gmt":"2021-06-06T20:18:55","slug":"deputados-bolsonaristas-querem-demissao-de-tite-e-convocacao-de-nova-selecao","status":"publish","type":"post","link":"https:\/\/blogs2.correiobraziliense.com.br\/vicente\/deputados-bolsonaristas-querem-demissao-de-tite-e-convocacao-de-nova-selecao\/","title":{"rendered":"Deputados bolsonaristas querem demiss\u00e3o de Tite e convoca\u00e7\u00e3o de nova Sele\u00e7\u00e3o"},"content":{"rendered":"<h2>SARAH TE\u00d3FILO<\/h2>\n<h2><\/h2>\n<h2>Deputados da base de apoio do presidente Jair Bolsonaro n\u00e3o economizam nas cr\u00edticas ao t\u00e9cnico da Sele Brasileira, Tite, e aos jogadores convocados por eles, que se amea\u00e7am boicotar a Copa Am\u00e9rica, que ser\u00e1 realizada no Brasil a partir de 13 de junho. Para eles, Tite deve ser demitido e substitu\u00eddos por Renato Ga\u00facho, que teria autonomia para convocar um novo time para participar da competi\u00e7\u00e3o.<\/h2>\n<p>&nbsp;<\/p>\n<p>O deputado Coronel Armando (PSL-SC), ex-vice-l\u00edder do governo, ataca os atletas, afirmando que est\u00e3o sendo manipulados por Tite, e refor\u00e7a a ideia de que se trata de um movimento pol\u00edtico. Para ele e os demais bolsonaristas, \u00e9 incoerente os jogadores se recusarem a atuar na Copa Am\u00e9rica, mas manter o Campeonato Brasileiro, a Copa do Brasil e os jogos das Eliminat\u00f3rias da Copa do Catar no pa\u00eds.<\/p>\n<p>&nbsp;<\/p>\n<p>\u201c\u00c9 um desgaste que, daqui a pouco, passa. Mas esses caras v\u00e3o ficar marcados\u201d, diz Armando. Para o parlamentar, se n\u00e3o quiserem jogar, que se troque o t\u00e9cnico e se convoque outros jogadores. O Brasil tem talentos de sobra para substitu\u00ed-los.<\/p>\n<p>&nbsp;<\/p>\n<p>O deputado Bibo Nunes (PSL-RS) classifica o movimento de protesto dos jogadores contra a Copa Am\u00e9rica como \u201cantipatriotismo e irresponsabilidade\u201d. \u201cDeixa a imagem do Brasil muito ruim. Imagem de que n\u00e3o h\u00e1 unidade e que h\u00e1 desrespeito \u00e0 CBF (Confedera\u00e7\u00e3o Brasileira de Futebol) e \u00e0 Presid\u00eancia da Rep\u00fablica. \u00c9 uma jogada pol\u00edtica: querem menosprezar o presidente Bolsonaro\u201d, afirma.<\/p>\n<p>&nbsp;<\/p>\n<p><strong>Antipatriotismo<\/strong><\/p>\n<p>&nbsp;<\/p>\n<p>Bibo carrega nas cr\u00edticas ao t\u00e9cnico da Sele\u00e7\u00e3o. \u201cQuem quer desgaste para o governo est\u00e1 vibrando com isso. Mas o Tite \u00e9 o grande culpado. Eu n\u00e3o quero jogando pelo Brasil jogadores que n\u00e3o s\u00e3o patriotas. \u00c9 uma vergonha. O Tite \u00e9 um esquerdista, mas tem que saber respeitar\u201d, acusa, defendendo que Renato Ga\u00facho, ex-treinador do Gr\u00eamio e que j\u00e1 manifestou simpatia a Bolsonaro, assuma a Sele\u00e7\u00e3o.<\/p>\n<p>&nbsp;<\/p>\n<p>Fiel defensora do presidente, a deputada Carla Zambelli (PSL-SP) nega que haja desgaste. \u201cQuem est\u00e1 com Bolsonaro est\u00e1 com ele, independentemente de qualquer coisa. Bolsonaro n\u00e3o sofre (com a decis\u00e3o dos jogadores), quem sofre \u00e9 o Brasil\u201d, assegura. Segundo ela, \u201cos bolsonaristas est\u00e3o reagindo a uma a\u00e7\u00e3o do Tite, das pessoas que s\u00e3o contra a Copa Am\u00e9rica, porque \u00e9 incoerente (devido \u00e0s outras competi\u00e7\u00f5es futebol\u00edsticas realizadas no Brasil)\u201d.<\/p>\n<p>&nbsp;<\/p>\n<p>Zambelli salienta: \u201c\u00c9 bom para a economia, para os brasileiros, para o otimismo. A\u00ed, vem o pessoal, politiza isso e diz que n\u00e3o pode fazer a Copa Am\u00e9rica aqui. Se isso n\u00e3o \u00e9 politiza\u00e7\u00e3o, porque n\u00e3o cancelaram os outros campeonatos? A a\u00e7\u00e3o partiu deles de politizar, e a gente est\u00e1 reagindo\u201d.<\/p>\n<p>&nbsp;<\/p>\n<p>Bras\u00edlia,<\/p>\n","protected":false},"excerpt":{"rendered":"<p>SARAH TE\u00d3FILO Deputados da base de apoio do presidente Jair Bolsonaro n\u00e3o economizam nas cr\u00edticas ao t\u00e9cnico da Sele Brasileira, Tite, e aos jogadores convocados por eles, que se amea\u00e7am boicotar a Copa Am\u00e9rica, que ser\u00e1 realizada no Brasil a partir de 13 de junho. Para eles, Tite deve ser demitido e substitu\u00eddos por Renato [&hellip;]<\/p>\n","protected":false},"author":22,"featured_media":19267,"comment_status":"open","ping_status":"closed","sticky":false,"template":"","format":"standard","meta":{"wpb_read_more":[],"footnotes":""},"categories":[600],"tags":[926,5531,5530,2526,2787],"class_list":["post-19280","post","type-post","status-publish","format-standard","has-post-thumbnail","hentry","category-economia","tag-brasilia","tag-deputados-bolsonaristas-querem-demissao-de-tite-e-convocacao-de-nova-selecao","tag-esporte","tag-poder","tag-politica"],"_links":{"self":[{"href":"https:\/\/blogs2.correiobraziliense.com.br\/vicente\/wp-json\/wp\/v2\/posts\/19280","targetHints":{"allow":["GET"]}}],"collection":[{"href":"https:\/\/blogs2.correiobraziliense.com.br\/vicente\/wp-json\/wp\/v2\/posts"}],"about":[{"href":"https:\/\/blogs2.correiobraziliense.com.br\/vicente\/wp-json\/wp\/v2\/types\/post"}],"author":[{"embeddable":true,"href":"https:\/\/blogs2.correiobraziliense.com.br\/vicente\/wp-json\/wp\/v2\/users\/22"}],"replies":[{"embeddable":true,"href":"https:\/\/blogs2.correiobraziliense.com.br\/vicente\/wp-json\/wp\/v2\/comments?post=19280"}],"version-history":[{"count":1,"href":"https:\/\/blogs2.correiobraziliense.com.br\/vicente\/wp-json\/wp\/v2\/posts\/19280\/revisions"}],"predecessor-version":[{"id":19281,"href":"https:\/\/blogs2.correiobraziliense.com.br\/vicente\/wp-json\/wp\/v2\/posts\/19280\/revisions\/19281"}],"wp:featuredmedia":[{"embeddable":true,"href":"https:\/\/blogs2.correiobraziliense.com.br\/vicente\/wp-json\/wp\/v2\/media\/19267"}],"wp:attachment":[{"href":"https:\/\/blogs2.correiobraziliense.com.br\/vicente\/wp-json\/wp\/v2\/media?parent=19280"}],"wp:term":[{"taxonomy":"category","embeddable":true,"href":"https:\/\/blogs2.correiobraziliense.com.br\/vicente\/wp-json\/wp\/v2\/categories?post=19280"},{"taxonomy":"post_tag","embeddable":true,"href":"https:\/\/blogs2.correiobraziliense.com.br\/vicente\/wp-json\/wp\/v2\/tags?post=19280"}],"curies":[{"name":"wp","href":"https:\/\/api.w.org\/{rel}","templated":true}]}}