{"id":19291,"date":"2021-06-08T13:17:15","date_gmt":"2021-06-08T16:17:15","guid":{"rendered":"https:\/\/blogs2.correiobraziliense.com.br\/vicente\/?p=19291"},"modified":"2021-06-08T15:22:05","modified_gmt":"2021-06-08T18:22:05","slug":"tcu-identifica-auditor-que-fez-estudo-paralelo-citado-por-bolsonaro-e-abre-investigacao","status":"publish","type":"post","link":"https:\/\/blogs2.correiobraziliense.com.br\/vicente\/tcu-identifica-auditor-que-fez-estudo-paralelo-citado-por-bolsonaro-e-abre-investigacao\/","title":{"rendered":"TCU identifica auditor que fez &#8220;estudo paralelo&#8221; citado por Bolsonaro e abre investiga\u00e7\u00e3o"},"content":{"rendered":"<h2>O Tribunal de Contas da Uni\u00e3o (TCU) j\u00e1 identificou o auditor que fez, por conta pr\u00f3pria, um &#8220;estudo paralelo&#8221; citado pelo presidente Jair Bolsonaro como sendo um documento oficial do \u00f3rg\u00e3o. O &#8220;estudo paralelo&#8221;, que circulou pelo gabinete das sombras, aponta que as mortes pela covid-19 &#8220;s\u00e3o 50% menores do que o anunciado&#8221; pelos estados.<\/h2>\n<p>&nbsp;<\/p>\n<p>Ao mesmo tempo em que negou a exist\u00eancia de um estudo oficial que trate de mortes pela covid-19, o TCU abriu investiga\u00e7\u00e3o para apurar o que levou o auditor a propagar informa\u00e7\u00f5es falsas sobre tema t\u00e3o sens\u00edvel. <a href=\"https:\/\/blogs2.correiobraziliense.com.br\/vicente\/tcu-ve-ligacoes-de-auditor-que-fez-estudo-paralelo-com-filhos-de-bolsonaro-e-presidente-do-bndes\/\">Suspeita-se de alinhamento pol\u00edtico com o governo<\/a>. Esse auditor compartilha fake news em v\u00e1rias redes sociais, como j\u00e1 se apurou.<\/p>\n<p>&nbsp;<\/p>\n<p>O &#8220;estudo paralelo&#8221;, considerado pelos ministros do TCU como um acinte, est\u00e1 circulando em grupos de integrantes do Tribunal. A perplexidade \u00e9 grande, pois, al\u00e9m de os dados apresentados por esse auditor serem manipulados e falsos, refor\u00e7a o perigo da mistura entre funcion\u00e1rios de \u00f3rg\u00e3os fiscalizadores com quest\u00f5es pol\u00edticas.<\/p>\n<p>&nbsp;<\/p>\n<p>A posi\u00e7\u00e3o fechada pelo TCU, depois de encerradas as investiga\u00e7\u00f5es, \u00e9 punir com rigor o auditor, pois \u00e9 preciso dar exemplo. No entender dos ministros, comprovadas todas as suspeitas de irregularidades, n\u00e3o se seguir\u00e1 o exemplo do Ex\u00e9rcito, que arquivou o processo administrativo contra o general Eduardo Pazuello, mesmo diante do evidente descumprimento por ele do Estatuto dos Militares.<\/p>\n<p>&nbsp;<\/p>\n<p>Nesta ter\u00e7a-feira (08\/06), o presidente Bolsonaro admitiu que os dados citados por ele com &#8220;base em estudo do TCU&#8221; s\u00e3o falsos.<\/p>\n<p>&nbsp;<\/p>\n<p><em>Bras\u00edlia, 13h17min<\/em><\/p>\n","protected":false},"excerpt":{"rendered":"<p>O Tribunal de Contas da Uni\u00e3o (TCU) j\u00e1 identificou o auditor que fez, por conta pr\u00f3pria, um &#8220;estudo paralelo&#8221; citado pelo presidente Jair Bolsonaro como sendo um documento oficial do \u00f3rg\u00e3o. O &#8220;estudo paralelo&#8221;, que circulou pelo gabinete das sombras, aponta que as mortes pela covid-19 &#8220;s\u00e3o 50% menores do que o anunciado&#8221; pelos estados. [&hellip;]<\/p>\n","protected":false},"author":22,"featured_media":17784,"comment_status":"open","ping_status":"closed","sticky":false,"template":"","format":"standard","meta":{"wpb_read_more":[],"footnotes":""},"categories":[600],"tags":[926,2526,2787,5533],"class_list":["post-19291","post","type-post","status-publish","format-standard","has-post-thumbnail","hentry","category-economia","tag-brasilia","tag-poder","tag-politica","tag-tcu-identifica-auditor-que-fez-estudo-paralelo-citado-por-bolsonaro-e-abre-investigacao"],"_links":{"self":[{"href":"https:\/\/blogs2.correiobraziliense.com.br\/vicente\/wp-json\/wp\/v2\/posts\/19291","targetHints":{"allow":["GET"]}}],"collection":[{"href":"https:\/\/blogs2.correiobraziliense.com.br\/vicente\/wp-json\/wp\/v2\/posts"}],"about":[{"href":"https:\/\/blogs2.correiobraziliense.com.br\/vicente\/wp-json\/wp\/v2\/types\/post"}],"author":[{"embeddable":true,"href":"https:\/\/blogs2.correiobraziliense.com.br\/vicente\/wp-json\/wp\/v2\/users\/22"}],"replies":[{"embeddable":true,"href":"https:\/\/blogs2.correiobraziliense.com.br\/vicente\/wp-json\/wp\/v2\/comments?post=19291"}],"version-history":[{"count":3,"href":"https:\/\/blogs2.correiobraziliense.com.br\/vicente\/wp-json\/wp\/v2\/posts\/19291\/revisions"}],"predecessor-version":[{"id":19298,"href":"https:\/\/blogs2.correiobraziliense.com.br\/vicente\/wp-json\/wp\/v2\/posts\/19291\/revisions\/19298"}],"wp:featuredmedia":[{"embeddable":true,"href":"https:\/\/blogs2.correiobraziliense.com.br\/vicente\/wp-json\/wp\/v2\/media\/17784"}],"wp:attachment":[{"href":"https:\/\/blogs2.correiobraziliense.com.br\/vicente\/wp-json\/wp\/v2\/media?parent=19291"}],"wp:term":[{"taxonomy":"category","embeddable":true,"href":"https:\/\/blogs2.correiobraziliense.com.br\/vicente\/wp-json\/wp\/v2\/categories?post=19291"},{"taxonomy":"post_tag","embeddable":true,"href":"https:\/\/blogs2.correiobraziliense.com.br\/vicente\/wp-json\/wp\/v2\/tags?post=19291"}],"curies":[{"name":"wp","href":"https:\/\/api.w.org\/{rel}","templated":true}]}}