{"id":19293,"date":"2021-06-08T14:01:58","date_gmt":"2021-06-08T17:01:58","guid":{"rendered":"https:\/\/blogs2.correiobraziliense.com.br\/vicente\/?p=19293"},"modified":"2021-06-08T15:19:13","modified_gmt":"2021-06-08T18:19:13","slug":"tcu-ve-ligacoes-de-auditor-que-fez-estudo-paralelo-com-filhos-de-bolsonaro-e-presidente-do-bndes","status":"publish","type":"post","link":"https:\/\/blogs2.correiobraziliense.com.br\/vicente\/tcu-ve-ligacoes-de-auditor-que-fez-estudo-paralelo-com-filhos-de-bolsonaro-e-presidente-do-bndes\/","title":{"rendered":"TCU v\u00ea liga\u00e7\u00f5es de auditor que fez &#8220;estudo paralelo&#8221; com filhos de Bolsonaro e presidente do BNDES"},"content":{"rendered":"<h2>Com base em investiga\u00e7\u00f5es preliminares, o Tribunal de Contas da Uni\u00e3o (TCU) n\u00e3o s\u00f3 j\u00e1 <a href=\"https:\/\/blogs2.correiobraziliense.com.br\/vicente\/tcu-identifica-auditor-que-fez-estudo-paralelo-citado-por-bolsonaro-e-abre-investigacao\/\">descobriu o nome do auditor que fez um &#8220;estudo paralelo&#8221; indicando que &#8220;metade das mortes pela covid-19 n\u00e3o existiram<\/a>&#8220;, como identificou fortes liga\u00e7\u00f5es dele com filhos do presidente Jair Bolsonaro e com o presidente do Banco Nacional de Desenvolvimento Econ\u00f4mico e Social (BNDES), Gustavo Motezano.<\/h2>\n<p>&nbsp;<\/p>\n<p>O &#8220;estudo paralelo&#8221; \u00e9 datado de 6 de junho e est\u00e1 circulando em grupos internos do TCU. Coincidentemente, nesta segunda-feira (07\/06), o Bolsonaro usou as informa\u00e7\u00f5es falsas para tentar minimizar a pandemia do novo coronav\u00edrus, que j\u00e1 matou quase 500 mil brasileiros.<\/p>\n<p>&nbsp;<\/p>\n<p>Depois de o TCU negar a exist\u00eancia de um estudo oficial sobre tal tema, Bolsonaro admitiu que o \u00f3rg\u00e3o nada tem a ver com a informa\u00e7\u00e3o, mas refor\u00e7ou\u00a0que h\u00e1 &#8220;supernotifica\u00e7\u00e3o&#8221; nos \u00f3bitos pela covid-19, sem apresentar qualquer prova. Afirmou, ainda, que determinou \u00e0 Controladoria-Geral da Uni\u00e3o (CGU) uma apura\u00e7\u00e3o para saber se governadores inflaram dados para receber mais verbas do governo federal.<\/p>\n<p>&nbsp;<\/p>\n<p>Para o TCU, est\u00e1 claro que esse auditor se deixou contaminar por quest\u00f5es pol\u00edticas, tanto que vem publicando fake news em suas redes sociais, como o uso de invermectina para o tratamento da covid-19, al\u00e9m de incentivar ataques a governadores . Chegou-se a cogitar a cess\u00e3o desse auditor para um outro \u00f3rg\u00e3o, mas o Tribunal barrou.<\/p>\n<p>&nbsp;<\/p>\n<p>O TCU j\u00e1 abriu uma investiga\u00e7\u00e3o para apurar as responsabilidades do auditor na dissemina\u00e7\u00e3o de not\u00edcias falsas, inclusive por meio do &#8220;estudo paralelo&#8221; que foi citado pelo presidente da Rep\u00fablica. A disposi\u00e7\u00e3o \u00e9 de adotar medidas duras, pois o \u00f3rg\u00e3o pode ter a sua imagem comprometida se deixar o assunto passar em branco.<\/p>\n<p>&nbsp;<\/p>\n<p><em>Bras\u00edlia, 14h01min<\/em><\/p>\n","protected":false},"excerpt":{"rendered":"<p>Com base em investiga\u00e7\u00f5es preliminares, o Tribunal de Contas da Uni\u00e3o (TCU) n\u00e3o s\u00f3 j\u00e1 descobriu o nome do auditor que fez um &#8220;estudo paralelo&#8221; indicando que &#8220;metade das mortes pela covid-19 n\u00e3o existiram&#8220;, como identificou fortes liga\u00e7\u00f5es dele com filhos do presidente Jair Bolsonaro e com o presidente do Banco Nacional de Desenvolvimento Econ\u00f4mico [&hellip;]<\/p>\n","protected":false},"author":22,"featured_media":12208,"comment_status":"open","ping_status":"closed","sticky":false,"template":"","format":"standard","meta":{"wpb_read_more":[],"footnotes":""},"categories":[600],"tags":[926,2526,2787,5534],"class_list":["post-19293","post","type-post","status-publish","format-standard","has-post-thumbnail","hentry","category-economia","tag-brasilia","tag-poder","tag-politica","tag-tcu-ve-ligacoes-de-auditor-que-fez-estudo-paralelo-com-filhos-de-bolsonaro-e-presidente-do-bndes"],"_links":{"self":[{"href":"https:\/\/blogs2.correiobraziliense.com.br\/vicente\/wp-json\/wp\/v2\/posts\/19293","targetHints":{"allow":["GET"]}}],"collection":[{"href":"https:\/\/blogs2.correiobraziliense.com.br\/vicente\/wp-json\/wp\/v2\/posts"}],"about":[{"href":"https:\/\/blogs2.correiobraziliense.com.br\/vicente\/wp-json\/wp\/v2\/types\/post"}],"author":[{"embeddable":true,"href":"https:\/\/blogs2.correiobraziliense.com.br\/vicente\/wp-json\/wp\/v2\/users\/22"}],"replies":[{"embeddable":true,"href":"https:\/\/blogs2.correiobraziliense.com.br\/vicente\/wp-json\/wp\/v2\/comments?post=19293"}],"version-history":[{"count":3,"href":"https:\/\/blogs2.correiobraziliense.com.br\/vicente\/wp-json\/wp\/v2\/posts\/19293\/revisions"}],"predecessor-version":[{"id":19297,"href":"https:\/\/blogs2.correiobraziliense.com.br\/vicente\/wp-json\/wp\/v2\/posts\/19293\/revisions\/19297"}],"wp:featuredmedia":[{"embeddable":true,"href":"https:\/\/blogs2.correiobraziliense.com.br\/vicente\/wp-json\/wp\/v2\/media\/12208"}],"wp:attachment":[{"href":"https:\/\/blogs2.correiobraziliense.com.br\/vicente\/wp-json\/wp\/v2\/media?parent=19293"}],"wp:term":[{"taxonomy":"category","embeddable":true,"href":"https:\/\/blogs2.correiobraziliense.com.br\/vicente\/wp-json\/wp\/v2\/categories?post=19293"},{"taxonomy":"post_tag","embeddable":true,"href":"https:\/\/blogs2.correiobraziliense.com.br\/vicente\/wp-json\/wp\/v2\/tags?post=19293"}],"curies":[{"name":"wp","href":"https:\/\/api.w.org\/{rel}","templated":true}]}}