{"id":19299,"date":"2021-06-08T15:01:12","date_gmt":"2021-06-08T18:01:12","guid":{"rendered":"https:\/\/blogs2.correiobraziliense.com.br\/vicente\/?p=19299"},"modified":"2021-06-08T16:22:55","modified_gmt":"2021-06-08T19:22:55","slug":"adutauditor-que-fez-estudo-paralelo-foi-alertado-por-colegas-de-que-estava-cometendo-um-erro","status":"publish","type":"post","link":"https:\/\/blogs2.correiobraziliense.com.br\/vicente\/adutauditor-que-fez-estudo-paralelo-foi-alertado-por-colegas-de-que-estava-cometendo-um-erro\/","title":{"rendered":"Auditor que fez &#8220;estudo paralelo&#8221; foi alertado por colegas de que estava cometendo um erro"},"content":{"rendered":"<h2>O auditor do Tribunal de Contas da Uni\u00e3o (TCU) que fez o &#8220;estudo paralelo&#8221; citado pelo presidente Jair Bolsonaro foi alertado por colegas de que estava cometendo um erro ao criar a tese de que as mortes pela covid-19 no pa\u00eds est\u00e3o &#8220;superdimensionadas&#8221;.<\/h2>\n<p>&nbsp;<\/p>\n<p>Esse auditor, que havia se candidatado a uma diretoria de um banco p\u00fablico, insistiu para integrar a secretaria do Tribunal de Contas da Uni\u00e3o que desenvolve trabalhos de intelig\u00eancia e de combate \u00e0 corrup\u00e7\u00e3o. Ele foi selecionado. Quando come\u00e7ou a pandemia, fez um novo pedido: ficar respons\u00e1vel pelo acompanhamento de compras com recursos p\u00fablicos de equipamentos para o enfrentamento da covid-19.<\/p>\n<p>&nbsp;<\/p>\n<p>A partir dali, come\u00e7ou a construir o relat\u00f3rio dizendo que os governadores estavam inflando o n\u00famero de mortes pelo novo coronav\u00edrus para obterem mais verbas federais. \u00c9 o mesmo discurso usado pelo presidente Bolsonaro, que reconheceu que o &#8220;estudo paralelo&#8221; n\u00e3o \u00e9 da institui\u00e7\u00e3o TCU.<\/p>\n<p>&nbsp;<\/p>\n<p>Quando apresentou seus dados, o auditor foi contestado veementemente pelos colegas, que, assustados com as informa\u00e7\u00f5es falsas, levaram o caso a alguns ministros da Corte. Sabendo que o &#8220;estudo paralelo&#8221; seria barrado, o auditor entregou a sua tese aos filhos de Bolsonaro e ao presidente do Banco Nacional de Desenvolvimento Econ\u00f4mico e Social (BNDES), Gustavo Montezano.<\/p>\n<p>&nbsp;<\/p>\n<p>Imediatamente, Bolsonaro tratou de difundir como verdade que metade das mortes por covid no pa\u00eds n\u00e3o existiu. Mesmo reconhecendo que o TCU n\u00e3o chancela essa informa\u00e7\u00f5es, o presidente insiste no discurso, a ponto de pedir uma apura\u00e7\u00e3o por parte da Controladoria-Geral da Uni\u00e3o (CGU).<\/p>\n<p>&nbsp;<\/p>\n<p>O Tribunal de Contas abriu investiga\u00e7\u00e3o contra o auditor. A determina\u00e7\u00e3o dentro do \u00f3rg\u00e3o \u00e9 de puni-lo com rigor, pois um funcion\u00e1rio de um Tribunal de fiscaliza\u00e7\u00e3o deve ter isen\u00e7\u00e3o em suas posi\u00e7\u00f5es e n\u00e3o deturpar fatos para comprovar uma posi\u00e7\u00e3o pol\u00edtica.<\/p>\n<p>&nbsp;<\/p>\n<p><em>Bras\u00edlia, 15h01min<\/em><\/p>\n","protected":false},"excerpt":{"rendered":"<p>O auditor do Tribunal de Contas da Uni\u00e3o (TCU) que fez o &#8220;estudo paralelo&#8221; citado pelo presidente Jair Bolsonaro foi alertado por colegas de que estava cometendo um erro ao criar a tese de que as mortes pela covid-19 no pa\u00eds est\u00e3o &#8220;superdimensionadas&#8221;. &nbsp; Esse auditor, que havia se candidatado a uma diretoria de um [&hellip;]<\/p>\n","protected":false},"author":22,"featured_media":17784,"comment_status":"open","ping_status":"closed","sticky":false,"template":"","format":"standard","meta":{"wpb_read_more":[],"footnotes":""},"categories":[600],"tags":[5536,926,2526,2787],"class_list":["post-19299","post","type-post","status-publish","format-standard","has-post-thumbnail","hentry","category-economia","tag-auditor-que-fez-estudo-paralelo-foi-alertado-por-colegas-de-que-estava-cometendo-um-erro","tag-brasilia","tag-poder","tag-politica"],"_links":{"self":[{"href":"https:\/\/blogs2.correiobraziliense.com.br\/vicente\/wp-json\/wp\/v2\/posts\/19299","targetHints":{"allow":["GET"]}}],"collection":[{"href":"https:\/\/blogs2.correiobraziliense.com.br\/vicente\/wp-json\/wp\/v2\/posts"}],"about":[{"href":"https:\/\/blogs2.correiobraziliense.com.br\/vicente\/wp-json\/wp\/v2\/types\/post"}],"author":[{"embeddable":true,"href":"https:\/\/blogs2.correiobraziliense.com.br\/vicente\/wp-json\/wp\/v2\/users\/22"}],"replies":[{"embeddable":true,"href":"https:\/\/blogs2.correiobraziliense.com.br\/vicente\/wp-json\/wp\/v2\/comments?post=19299"}],"version-history":[{"count":1,"href":"https:\/\/blogs2.correiobraziliense.com.br\/vicente\/wp-json\/wp\/v2\/posts\/19299\/revisions"}],"predecessor-version":[{"id":19300,"href":"https:\/\/blogs2.correiobraziliense.com.br\/vicente\/wp-json\/wp\/v2\/posts\/19299\/revisions\/19300"}],"wp:featuredmedia":[{"embeddable":true,"href":"https:\/\/blogs2.correiobraziliense.com.br\/vicente\/wp-json\/wp\/v2\/media\/17784"}],"wp:attachment":[{"href":"https:\/\/blogs2.correiobraziliense.com.br\/vicente\/wp-json\/wp\/v2\/media?parent=19299"}],"wp:term":[{"taxonomy":"category","embeddable":true,"href":"https:\/\/blogs2.correiobraziliense.com.br\/vicente\/wp-json\/wp\/v2\/categories?post=19299"},{"taxonomy":"post_tag","embeddable":true,"href":"https:\/\/blogs2.correiobraziliense.com.br\/vicente\/wp-json\/wp\/v2\/tags?post=19299"}],"curies":[{"name":"wp","href":"https:\/\/api.w.org\/{rel}","templated":true}]}}