{"id":193,"date":"2015-09-15T09:40:00","date_gmt":"2015-09-15T12:40:00","guid":{"rendered":"https:\/\/blogs2.correiobraziliense.com.br\/vicente\/risco_de_fracasso\/"},"modified":"2015-09-15T09:40:00","modified_gmt":"2015-09-15T12:40:00","slug":"risco_de_fracasso","status":"publish","type":"post","link":"https:\/\/blogs2.correiobraziliense.com.br\/vicente\/risco_de_fracasso\/","title":{"rendered":"RISCO DE FRACASSO"},"content":{"rendered":"\n<p>O governo est\u00e1 convencido de que, com o pacote de aumento de impostos e corte de gastos que anunciou ontem, vai evitar que uma segunda ag\u00eancia de classifica\u00e7\u00e3o de risco \u2013 a Moddys\u2019 ou a Fitch \u2013 siga o caminho da Standard &amp; Poor\u2019s (S&amp;P) e rebaixe o pa\u00eds. Mas \u00e9 melhor o Pal\u00e1cio do Planalto se preparar. Apesar da confian\u00e7a que os ministros da Fazenda, Joaquim Levy, e do Planejamento, Nelson Barbosa, tentaram passar durante o an\u00fancio das medidas, que somam quase R$ 65 bilh\u00f5es, o que se viu foi mais espuma do que uma vontade concreta de fazer um ajuste fiscal consistente para p\u00f4r as contas p\u00fablicas em ordem. <\/p>\n<p>Se realmente quisesse fazer o dever de casa, o governo n\u00e3o teria esperado passar 15 dias do envio do Or\u00e7amento de 2016 ao Congresso, que resultou na retirada do grau de investimento do Brasil pela S&amp;P, para apresentar propostas com o intuito de cobrir o rombo de R$ 30,5 bilh\u00f5es e garantir superavit prim\u00e1rio de 0,7% do Produto Interno Bruto (PIB) no ano que vem. Teria feito isso dentro do prazo regulamentar, at\u00e9 31 de agosto. <\/p>\n<p>Ao agir no afogadilho, pressionada pela perda do selo de bom pagador e pelo risco de o pa\u00eds enfrentar um ataque especulativo, a presidente Dilma Rousseff confirma a fama de conduzir o Brasil com improviso. N\u00e3o por acaso, a economia est\u00e1 afundando, o desemprego, caminhando para 10% e a infla\u00e7\u00e3o, muito distante do limite de toler\u00e2ncia, de 6,5%. A petista, infelizmente, primou pela incompet\u00eancia. Agora, est\u00e1 jogando toda a conta dos desmandos dos \u00faltimos quatro anos no colo da popula\u00e7\u00e3o. Os trabalhadores que se virem para engordar os cofres do Tesouro Nacional, com R$ 32 bilh\u00f5es da CPMF por ano. <\/p>\n<p>N\u00e3o \u00e9 poss\u00edvel que algu\u00e9m acredite que as empresas v\u00e3o arcar com o custo do tributo que Dilma quer ressuscitar a qualquer custo. Tudo ser\u00e1 repassado para os pre\u00e7os, que v\u00e3o subir justamente em um momento em que os sal\u00e1rios est\u00e3o queda, as fam\u00edlias endividadas e tendo que lidar com a perda de emprego. Para Dilma, a vis\u00e3o \u00e9 a seguinte: que mal importa pagar 0,2% sobre toda a movimenta\u00e7\u00e3o financeira para dar uma m\u00e3ozinha a um governo perdul\u00e1rio. Sempre foi assim. N\u00e3o ser\u00e1 diferente agora, que o pa\u00eds precisa dar uma satisfa\u00e7\u00e3o \u00e0s ag\u00eancias de risco e evitar o colapso da economia.<b> <\/p>\n<p><\/b><b>Abismo<\/b> <\/p>\n<p>O pacote apresentado ontem \u00e9 t\u00e3o prim\u00e1rio, que a maior parte das medidas depende de aprova\u00e7\u00e3o do Congresso. \u00c9 dif\u00edcil acreditar que uma presidente t\u00e3o impopular, que n\u00e3o d\u00e1 a m\u00ednima para o Legislativo, v\u00e1 conseguir aprovar um arrocho t\u00e3o forte \u00e0 popula\u00e7\u00e3o. Muitos parlamentares com os quais o governo conta para o sucesso da empreitada acreditam que a presidente j\u00e1 est\u00e1 com um p\u00e9 fora do Planalto. Portanto, n\u00e3o v\u00e3o lhe estender a sobrevida tendo que assumir o \u00f4nus de for\u00e7arem os trabalhadores a arcarem com uma contribui\u00e7\u00e3o que n\u00e3o querem. <\/p>\n<p>Dilma lan\u00e7a a \u00faltima cartada para reequilibrar as contas p\u00fablicas num momento de forte amea\u00e7a de perda de mandato. Pelas contas da Eurasia Group, j\u00e1 s\u00e3o de 40% as chances de a petista n\u00e3o terminar o governo. A consultoria ressalta que, mesmo que a petista chegue ao fim de 2018 no Planalto, as dificuldades pol\u00edticas que ela enfrenta v\u00e3o impedir um ajuste fiscal mais robusto. Essa tamb\u00e9m \u00e9 a sensa\u00e7\u00e3o de parte do governo, que se ressente de um l\u00edder capaz de aglutinar for\u00e7as e convencer a todos que o esfor\u00e7o que ser\u00e1 feito nos pr\u00f3ximos dois ou tr\u00eas anos trar\u00e1 de volta o crescimento e os empregos. <\/p>\n<p>N\u00e3o se pode esquecer que o tempo para o governo aprovar o pacote de R$ 65 bilh\u00f5es \u00e9 curto demais: tr\u00eas meses. Se pouco ou nada sair do Congresso, 2016 poder\u00e1 ser ainda pior do que est\u00e1 sendo este ano, pois ficar\u00e1 expl\u00edcito para os investidores que Dilma esgotou a capacidade de gerir o pa\u00eds. Nesse contexto, o rombo estimado de R$ 30,5 bilh\u00f5es que, agora, o governo quer cobrir, ser\u00e1 muito maior. A recess\u00e3o tender\u00e1 a ser t\u00e3o profunda, que 2017 tamb\u00e9m ser\u00e1 dado como perdido. <\/p>\n<p>\u00c9 inaceit\u00e1vel que Dilma n\u00e3o tenha pensado em todas essas consequ\u00eancias quando optou pelo caminho da destrui\u00e7\u00e3o da economia. Por arrog\u00e2ncia, ela n\u00e3o ouviu os alertas. Preferiu desqualificar os cr\u00edticos. Dona da verdade, insistiu nos erros e abusou das mentiras na campanha eleitoral para se reeleger. Deu no que deu. O problema \u00e9 que quem pagar\u00e1 a conta \u00e9 o pa\u00eds, que j\u00e1 \u00e9 apontado como um doente terminal. <\/p>\n<p>Tomara que ainda seja poss\u00edvel reverter o pior. Dizem que Deus \u00e9 brasileiro. Mas, com Dilma no comando do pa\u00eds, talvez nem a for\u00e7a divina seja capaz de impedir que pulemos para o abismo. <\/p>\n<p><b>Bol\u00e3o na Esplanada<\/b> <\/p>\n<p>\u00bb As apostas correm soltas nos minist\u00e9rios. Os funcion\u00e1rios p\u00fablicos, que ter\u00e3o de contribuir com R$ 11,4 bilh\u00f5es dos cortes de gastos anunciados por Dilma, est\u00e3o fazendo bol\u00e3o para ver quando o d\u00f3lar chega a R$ 4 e quais minist\u00e9rios ser\u00e3o cortados. <\/p>\n<p><b>T\u00e3o perto, t\u00e3o longe<\/b> <\/p>\n<p>\u00bb T\u00e9cnicos que acompanharam os \u00faltimos dias de reuni\u00f5es de Nelson Barbosa e de Joaquim Levy com a presidente Dilma garantem que os dois tentaram mostrar unidade no discurso. Mas est\u00e3o mais distantes do que nunca. <\/p>\n<p><b>Fala, Tombini<\/b> <\/p>\n<p>\u00bb Gente do governo anda estranhando o recolhimento do presidente do Banco Central, Alexandre Tombini, que chegou a ser amea\u00e7ado de perder o status de ministro. Talvez ele se sinta confort\u00e1vel para dizer hoje, na Comiss\u00e3o de Assuntos Econ\u00f4micos do Senado, o que pensa do desastre na \u00e1rea fiscal. <\/p>\n<p><i>09h40min<\/i>   <\/p>\n","protected":false},"excerpt":{"rendered":"<p>O governo est\u00e1 convencido de que, com o pacote de aumento de impostos e corte de gastos que anunciou ontem, vai evitar que uma segunda ag\u00eancia de classifica\u00e7\u00e3o de risco \u2013 a Moddys\u2019 ou a Fitch \u2013 siga o caminho da Standard &amp; Poor\u2019s (S&amp;P) e rebaixe o pa\u00eds. Mas \u00e9 melhor o Pal\u00e1cio do [&hellip;]<\/p>\n","protected":false},"author":22,"featured_media":0,"comment_status":"open","ping_status":"open","sticky":false,"template":"","format":"standard","meta":{"wpb_read_more":[],"footnotes":""},"categories":[1],"tags":[],"class_list":["post-193","post","type-post","status-publish","format-standard","hentry","category-sem-categoria"],"_links":{"self":[{"href":"https:\/\/blogs2.correiobraziliense.com.br\/vicente\/wp-json\/wp\/v2\/posts\/193","targetHints":{"allow":["GET"]}}],"collection":[{"href":"https:\/\/blogs2.correiobraziliense.com.br\/vicente\/wp-json\/wp\/v2\/posts"}],"about":[{"href":"https:\/\/blogs2.correiobraziliense.com.br\/vicente\/wp-json\/wp\/v2\/types\/post"}],"author":[{"embeddable":true,"href":"https:\/\/blogs2.correiobraziliense.com.br\/vicente\/wp-json\/wp\/v2\/users\/22"}],"replies":[{"embeddable":true,"href":"https:\/\/blogs2.correiobraziliense.com.br\/vicente\/wp-json\/wp\/v2\/comments?post=193"}],"version-history":[{"count":0,"href":"https:\/\/blogs2.correiobraziliense.com.br\/vicente\/wp-json\/wp\/v2\/posts\/193\/revisions"}],"wp:attachment":[{"href":"https:\/\/blogs2.correiobraziliense.com.br\/vicente\/wp-json\/wp\/v2\/media?parent=193"}],"wp:term":[{"taxonomy":"category","embeddable":true,"href":"https:\/\/blogs2.correiobraziliense.com.br\/vicente\/wp-json\/wp\/v2\/categories?post=193"},{"taxonomy":"post_tag","embeddable":true,"href":"https:\/\/blogs2.correiobraziliense.com.br\/vicente\/wp-json\/wp\/v2\/tags?post=193"}],"curies":[{"name":"wp","href":"https:\/\/api.w.org\/{rel}","templated":true}]}}