{"id":19320,"date":"2021-06-08T20:15:09","date_gmt":"2021-06-08T23:15:09","guid":{"rendered":"https:\/\/blogs2.correiobraziliense.com.br\/vicente\/?p=19320"},"modified":"2021-06-08T20:45:02","modified_gmt":"2021-06-08T23:45:02","slug":"fabio-mafra-substituira-auditor-do-tcu-responsavel-por-estudo-paralelo-sobre-mortes-pela-covid","status":"publish","type":"post","link":"https:\/\/blogs2.correiobraziliense.com.br\/vicente\/fabio-mafra-substituira-auditor-do-tcu-responsavel-por-estudo-paralelo-sobre-mortes-pela-covid\/","title":{"rendered":"F\u00e1bio Mafra substituir\u00e1 auditor do TCU respons\u00e1vel por &#8220;estudo paralelo&#8221; sobre mortes pela covid"},"content":{"rendered":"<h2>O Tribunal de Contas da Uni\u00e3o (TCU) designou o servidor F\u00e1bio Mafra para substituir o auditor Alexandre Figueiredo Costa Silva Marques, autor do &#8220;estudo paralelo&#8221; que questiona o n\u00famero de v\u00edtimas da covid-19. Segundo ele, o total de mortes \u00e9 50% menor do que o divulgado oficialmente pelos estados.<\/h2>\n<p>&nbsp;<\/p>\n<p>Sem qualquer respaldo t\u00e9cnico, Alexandre diz que os governadores inflaram os n\u00fameros de \u00f3bitos pela covid-19 a fim de receberem mais recursos do governo federal. O &#8220;estudo paralelo&#8221; foi citado pelo presidente Jair Bolsonaro, que, depois, teve de recuar diante da negativa do TCU, que disse desconhecer a tese falsa.<\/p>\n<p>&nbsp;<\/p>\n<p>Com o afastamento de Alexandre, F\u00e1bio Mafra, considerado um dos melhores auditores do TCU, supervisionar\u00e1 todos os trabalhos da secretaria que acompanha o uso de verbas p\u00fablicas para\u00a0 a compra de equipamentos de combate \u00e0 covid-19.<\/p>\n<p>&nbsp;<\/p>\n<p><strong>Filhos de Bolsonaro<\/strong><\/p>\n<p>&nbsp;<\/p>\n<p>O auditor afastado \u00e9 ligado aos filhos de Bolsonaro e ao presidente do Banco Nacional de Desenvolvimento Econ\u00f4mico e Social (BNDES), Gustavo Montezano, que o convidou para ocupar uma diretoria na institui\u00e7\u00e3o. A cess\u00e3o para o BNDES, contudo, foi vetada pelo ent\u00e3o presidente do TCU, Jos\u00e9 M\u00facio Monteiro.<\/p>\n<p>&nbsp;<\/p>\n<p>Segundo o ministro Bruno Dantas, corregedor do TCU,\u00a0&#8220;os fatos at\u00e9 aqui apurados pela Corregedoria s\u00e3o graves e exigir\u00e1 aprofundamento para avaliar a sua real dimens\u00e3o&#8221;. Ele acrescenta, ainda, que, &#8220;para isso \u00e9 necess\u00e1ria uma decis\u00e3o da presidente do TCU, ministra Ana Arraes&#8221;.<\/p>\n<p>&nbsp;<\/p>\n<p>O ministro acrescenta: &#8220;Ainda \u00e9 cedo para extrair conclus\u00f5es, mas se ficar comprovado que o auditor utilizou o cargo para induzir uma linha de fiscaliza\u00e7\u00e3o orientada por convic\u00e7\u00f5es pol\u00edticas, isso ser\u00e1 punido exemplarmente&#8221;.<\/p>\n<p>&nbsp;<\/p>\n<p>&nbsp;<\/p>\n<p><em>Bras\u00edlia, 20h15min<\/em><\/p>\n","protected":false},"excerpt":{"rendered":"<p>O Tribunal de Contas da Uni\u00e3o (TCU) designou o servidor F\u00e1bio Mafra para substituir o auditor Alexandre Figueiredo Costa Silva Marques, autor do &#8220;estudo paralelo&#8221; que questiona o n\u00famero de v\u00edtimas da covid-19. Segundo ele, o total de mortes \u00e9 50% menor do que o divulgado oficialmente pelos estados. &nbsp; Sem qualquer respaldo t\u00e9cnico, Alexandre [&hellip;]<\/p>\n","protected":false},"author":22,"featured_media":17784,"comment_status":"open","ping_status":"closed","sticky":false,"template":"","format":"standard","meta":{"wpb_read_more":[],"footnotes":""},"categories":[600],"tags":[],"class_list":["post-19320","post","type-post","status-publish","format-standard","has-post-thumbnail","hentry","category-economia"],"_links":{"self":[{"href":"https:\/\/blogs2.correiobraziliense.com.br\/vicente\/wp-json\/wp\/v2\/posts\/19320","targetHints":{"allow":["GET"]}}],"collection":[{"href":"https:\/\/blogs2.correiobraziliense.com.br\/vicente\/wp-json\/wp\/v2\/posts"}],"about":[{"href":"https:\/\/blogs2.correiobraziliense.com.br\/vicente\/wp-json\/wp\/v2\/types\/post"}],"author":[{"embeddable":true,"href":"https:\/\/blogs2.correiobraziliense.com.br\/vicente\/wp-json\/wp\/v2\/users\/22"}],"replies":[{"embeddable":true,"href":"https:\/\/blogs2.correiobraziliense.com.br\/vicente\/wp-json\/wp\/v2\/comments?post=19320"}],"version-history":[{"count":1,"href":"https:\/\/blogs2.correiobraziliense.com.br\/vicente\/wp-json\/wp\/v2\/posts\/19320\/revisions"}],"predecessor-version":[{"id":19321,"href":"https:\/\/blogs2.correiobraziliense.com.br\/vicente\/wp-json\/wp\/v2\/posts\/19320\/revisions\/19321"}],"wp:featuredmedia":[{"embeddable":true,"href":"https:\/\/blogs2.correiobraziliense.com.br\/vicente\/wp-json\/wp\/v2\/media\/17784"}],"wp:attachment":[{"href":"https:\/\/blogs2.correiobraziliense.com.br\/vicente\/wp-json\/wp\/v2\/media?parent=19320"}],"wp:term":[{"taxonomy":"category","embeddable":true,"href":"https:\/\/blogs2.correiobraziliense.com.br\/vicente\/wp-json\/wp\/v2\/categories?post=19320"},{"taxonomy":"post_tag","embeddable":true,"href":"https:\/\/blogs2.correiobraziliense.com.br\/vicente\/wp-json\/wp\/v2\/tags?post=19320"}],"curies":[{"name":"wp","href":"https:\/\/api.w.org\/{rel}","templated":true}]}}