{"id":19324,"date":"2021-06-09T12:10:21","date_gmt":"2021-06-09T15:10:21","guid":{"rendered":"https:\/\/blogs2.correiobraziliense.com.br\/vicente\/?p=19324"},"modified":"2021-06-09T13:35:34","modified_gmt":"2021-06-09T16:35:34","slug":"auditor-que-fez-estudo-paralelo-ficara-afastado-por-60-dias-do-tcu-e-tera-login-suspenso","status":"publish","type":"post","link":"https:\/\/blogs2.correiobraziliense.com.br\/vicente\/auditor-que-fez-estudo-paralelo-ficara-afastado-por-60-dias-do-tcu-e-tera-login-suspenso\/","title":{"rendered":"Auditor que fez &#8220;estudo paralelo&#8221; ficar\u00e1 afastado por 60 dias do TCU e ter\u00e1 login suspenso"},"content":{"rendered":"<h2>O auditor Alexandre Figueiredo Costa Silva Marques dever\u00e1 ficar afastado de suas fun\u00e7\u00f5es no Tribunal de Contas da Uni\u00e3o por pelo menos 60 dias e ter\u00e1 seu login de acesso ao sistema bloqueado. Foi o que pediu o corregedor do Tribunal, Bruno Dantas, \u00e0 presidente do \u00f3rg\u00e3o, ministra Ana Arraes.<\/h2>\n<p>&nbsp;<\/p>\n<p>No pedido de abertura de processo administrativo disciplinar contra o auditor, Bruno Dantas diz que as revela\u00e7\u00f5es sobre o &#8220;estudo paralelo&#8221;\u00a0apontam fatos &#8220;que, se comprovados, se revestem de extrema gravidade, na medida em que, al\u00e9m da poss\u00edvel infra\u00e7\u00e3o disciplinar, atingem de maneira severa a credibilidade e a imagem institucional do Tribunal de Contas da Uni\u00e3o&#8221;.<\/p>\n<p>&nbsp;<\/p>\n<p>Segundo o corregedor, Alexandre ter\u00e1 todo o direito de defesa e ser\u00e3o ouvidos seus chefes imediatos e seus colegas da equipe de fiscaliza\u00e7\u00e3o, al\u00e9m de verificados documentos que possam ter sido<br \/>\nproduzidos ou inseridos em sistemas da Corte. Alexandre apresentou o &#8220;estudo paralelo&#8221; a colegas, que, de imediato, refutaram os dados apresentados por ele por falta de bases t\u00e9cnicas.<\/p>\n<p>&nbsp;<\/p>\n<p>Pelo &#8220;estudo paralelo&#8221;, Alexandre afirma que pelo menos 50% das mortes por covid-19 no pa\u00eds n\u00e3o ocorreram. Para o auditor, os governadores inflaram os n\u00fameros a fim de obterem mais verbas do governo federal. Cr\u00edtico dos governadores, o presidente Jair Bolsonaro citou o &#8220;estudo&#8221; como sendo do TCU, mas teve que se desmentir.<\/p>\n<p>&nbsp;<\/p>\n<p><strong>Filhos de Bolsonaro<\/strong><\/p>\n<p>&nbsp;<\/p>\n<p>No entender do ministro Bruno Dantas, diante da deturpa\u00e7\u00e3o dos fatos, \u00e9 preciso ressaltar que o TCU \u00e9 uma &#8220;institui\u00e7\u00e3o s\u00e9ria, sesquicenten\u00e1ria, possui assento constitucional e desempenha misteres relevantes e graves. Sua imagem e respeitabilidade dependem da qualidade e da profundidade t\u00e9cnica de suas fiscaliza\u00e7\u00f5es e do decoro pessoal e da honorabilidade de seus ministros e servidores&#8221;.<\/p>\n<p>&nbsp;<\/p>\n<p>O corregedor ressalta, ainda, que, se ficar provado que Alexandre produziu o &#8220;estudo paralelo&#8221; com interesses pol\u00edticos e ideol\u00f3gicos para favorecer o presidente da Rep\u00fablica, a situa\u00e7\u00e3o dele se agravar\u00e1 ainda mais, pois n\u00e3o \u00e9 permitido que servidores do Tribunal usem suas fun\u00e7\u00f5es de forma pol\u00edtica. Alexandre \u00e9 amigo dos filhos de Bolsonaro.<\/p>\n<p>&nbsp;<\/p>\n<p>&#8220;Esta casa se orgulha de que suas atividades institucionais final\u00edsticas s\u00e3o desempenhadas exclusivamente por servidores de carreira concursados, que gozam de independ\u00eancia t\u00e9cnica e autonomia conferidas por lei para realizar fiscaliza\u00e7\u00f5es e emitir suas opini\u00f5es. As garantias outorgadas aos auditores federais de controle externo que integram os quadros do TCU servem como prote\u00e7\u00e3o contra inger\u00eancias externas \u2014<br \/>\npol\u00edticas, ideol\u00f3gicas, econ\u00f4micas, etc. \u2014 nos trabalhos de nossas equipes&#8221;, frisa Dantas.<\/p>\n<p>&nbsp;<\/p>\n<p>O pedido de abertura de processo administrativo disciplinar contra Alexandre pelo corregedor Bruno Dantas foi baseado em mat\u00e9ria publicadas pelo <strong>Blog<\/strong>.<\/p>\n<p>&nbsp;<\/p>\n<p><em>Bras\u00edlia, 12h10min<\/em><\/p>\n","protected":false},"excerpt":{"rendered":"<p>O auditor Alexandre Figueiredo Costa Silva Marques dever\u00e1 ficar afastado de suas fun\u00e7\u00f5es no Tribunal de Contas da Uni\u00e3o por pelo menos 60 dias e ter\u00e1 seu login de acesso ao sistema bloqueado. Foi o que pediu o corregedor do Tribunal, Bruno Dantas, \u00e0 presidente do \u00f3rg\u00e3o, ministra Ana Arraes. &nbsp; No pedido de abertura [&hellip;]<\/p>\n","protected":false},"author":22,"featured_media":19326,"comment_status":"open","ping_status":"closed","sticky":false,"template":"","format":"standard","meta":{"wpb_read_more":[],"footnotes":""},"categories":[600],"tags":[5539,926,2526,2787],"class_list":["post-19324","post","type-post","status-publish","format-standard","has-post-thumbnail","hentry","category-economia","tag-auditor-que-fez-estudo-paralelo-ficara-afastado-por-60-dias-do-tcu-e-tera-login-suspenso","tag-brasilia","tag-poder","tag-politica"],"_links":{"self":[{"href":"https:\/\/blogs2.correiobraziliense.com.br\/vicente\/wp-json\/wp\/v2\/posts\/19324","targetHints":{"allow":["GET"]}}],"collection":[{"href":"https:\/\/blogs2.correiobraziliense.com.br\/vicente\/wp-json\/wp\/v2\/posts"}],"about":[{"href":"https:\/\/blogs2.correiobraziliense.com.br\/vicente\/wp-json\/wp\/v2\/types\/post"}],"author":[{"embeddable":true,"href":"https:\/\/blogs2.correiobraziliense.com.br\/vicente\/wp-json\/wp\/v2\/users\/22"}],"replies":[{"embeddable":true,"href":"https:\/\/blogs2.correiobraziliense.com.br\/vicente\/wp-json\/wp\/v2\/comments?post=19324"}],"version-history":[{"count":2,"href":"https:\/\/blogs2.correiobraziliense.com.br\/vicente\/wp-json\/wp\/v2\/posts\/19324\/revisions"}],"predecessor-version":[{"id":19330,"href":"https:\/\/blogs2.correiobraziliense.com.br\/vicente\/wp-json\/wp\/v2\/posts\/19324\/revisions\/19330"}],"wp:featuredmedia":[{"embeddable":true,"href":"https:\/\/blogs2.correiobraziliense.com.br\/vicente\/wp-json\/wp\/v2\/media\/19326"}],"wp:attachment":[{"href":"https:\/\/blogs2.correiobraziliense.com.br\/vicente\/wp-json\/wp\/v2\/media?parent=19324"}],"wp:term":[{"taxonomy":"category","embeddable":true,"href":"https:\/\/blogs2.correiobraziliense.com.br\/vicente\/wp-json\/wp\/v2\/categories?post=19324"},{"taxonomy":"post_tag","embeddable":true,"href":"https:\/\/blogs2.correiobraziliense.com.br\/vicente\/wp-json\/wp\/v2\/tags?post=19324"}],"curies":[{"name":"wp","href":"https:\/\/api.w.org\/{rel}","templated":true}]}}