{"id":19334,"date":"2021-06-09T22:48:07","date_gmt":"2021-06-10T01:48:07","guid":{"rendered":"https:\/\/blogs2.correiobraziliense.com.br\/vicente\/?p=19334"},"modified":"2021-06-09T22:48:07","modified_gmt":"2021-06-10T01:48:07","slug":"oit-e-unicef-registram-primeiro-aumento-do-trabalho-infantil-em-duas-decadas","status":"publish","type":"post","link":"https:\/\/blogs2.correiobraziliense.com.br\/vicente\/oit-e-unicef-registram-primeiro-aumento-do-trabalho-infantil-em-duas-decadas\/","title":{"rendered":"OIT e Unicef registram primeiro aumento do trabalho infantil em duas d\u00e9cadas"},"content":{"rendered":"<h2><span style=\"font-size: 16px\">ROSANA HESSEL<\/span><\/h2>\n<h2>A pandemia da covid-19 fez o n\u00famero de crian\u00e7as em situa\u00e7\u00e3o de trabalho infantil registrou o primeiro aumento em duas d\u00e9cadas, conforme relat\u00f3rio conjunto da Organiza\u00e7\u00e3o Internacional do Trabalho (OIT) e do Fundo de Emerg\u00eancia Internacional das Na\u00e7\u00f5es Unidas para a Inf\u00e2ncia (Unicef), divulgado nesta quarta-feira (09\/06). Segundo o levantamento, existem 160 milh\u00f5es de crian\u00e7as trabalhando no mundo, dado 8,4 milh\u00f5es superior ao registrado h\u00e1 quatro anos.<\/h2>\n<h2><\/h2>\n<p>O relat\u00f3rio \u201cTrabalho Infantil: Estimativas Globais 2020, tend\u00eancias e o caminho a seguir\u201d (\u201c<a href=\"https:\/\/www.ilo.org\/wcmsp5\/groups\/public\/---ed_norm\/---ipec\/documents\/publication\/wcms_797515.pdf\">Child Labour: Global estimates 2020, trends and the road forward\u201d<\/a>) aponta ainda que\u00a0outras milh\u00f5es est\u00e3o em risco devido aos efeitos da covid-19. O estudo foi divulgado poucos dias antes do\u00a0Dia Mundial contra o Trabalho Infantil, em 12 de junho, e faz um alerta para o fato de que, em 2020, foi interrompido um per\u00edodo de estagna\u00e7\u00e3o do trabalho infantil nos \u00faltimos 20 anos.<\/p>\n<p>&nbsp;<\/p>\n<p>Conforme dados do levantamento, houve um aumento substancial no n\u00famero de crian\u00e7as de 5 a 11 anos em situa\u00e7\u00e3o de trabalho infantil, e que, atualmente, representa &#8220;pouco mais da metade de todos os casos de trabalho infantil em escala mundial&#8221;. J\u00e1 o n\u00famero de crian\u00e7as de 5 a 17 anos que realizam trabalhos perigosos, isto \u00e9, todo trabalho suscet\u00edvel a prejudicar a sa\u00fade, seguran\u00e7a ou moral, aumentou em 6,5 milh\u00f5es desde 2016, atingindo 79 milh\u00f5es.<\/p>\n<p>&nbsp;<\/p>\n<p><strong>Dados regionais<\/strong><\/p>\n<p>&nbsp;<\/p>\n<p>De acordo com o estudo, na \u00c1frica Subsaariana, o crescimento populacional, as crises recorrentes, a pobreza extrema e medidas de prote\u00e7\u00e3o social inadequadas resultaram em um adicional de 16,6 milh\u00f5es de crian\u00e7as em situa\u00e7\u00e3o de trabalho infantil nos \u00faltimos quatro anos. Mesmo em regi\u00f5es onde houve algum avan\u00e7o desde 2016, como \u00c1sia e Pac\u00edfico, e Am\u00e9rica Latina e Caribe, a covid-19 est\u00e1 colocando em risco esse progresso. Em S\u00e3o Paulo, por exemplo, o estudo identificou que, devido ao fechamento das escolas durante a pandemia, houve aumento de 26% de crian\u00e7as em situa\u00e7\u00e3o de trabalho infantil entre maio e julho de 2020 entre as fam\u00edlias assistidas pela Unicef.<\/p>\n<p>&nbsp;<\/p>\n<p>\u201cAs novas estimativas s\u00e3o um alerta. N\u00e3o podemos ficar parados enquanto uma nova gera\u00e7\u00e3o de crian\u00e7as est\u00e1 em risco\u201d, disse Guy Ryder, diretor-geral da OIT, em nota divulgada pela entidade,\u00a0 que defende investimentos para promover trabalho decente no campo, onde se encontra o maior volume de crian\u00e7as trabalhando.\u00a0 Segundo\u00a0 ele, a prote\u00e7\u00e3o social inclusiva permite \u00e0s fam\u00edlias manter seus filhos na escola, mesmo diante das dificuldades econ\u00f4micas. &#8220;\u00c9 essencial aumentar os investimentos para facilitar o desenvolvimento rural e promover o trabalho decente no setor agr\u00edcola. Estamos em um momento crucial e os resultados que obtivermos depender\u00e3o em grande medida das repostas que adotemos. Devemos reiterar nosso compromisso e nossa vontade para reverter a situa\u00e7\u00e3o e interromper o ciclo da pobreza e de trabalho infantil.&#8221;<\/p>\n<p>&nbsp;<\/p>\n<p>O relat\u00f3rio adverte ainda que, em escala mundial, um adicional de nove milh\u00f5es de crian\u00e7as corre o risco de ser v\u00edtimas de trabalho infantil no final de 2022 como resultado da pandemia. Um modelo de simula\u00e7\u00e3o mostra que esse n\u00famero poderia aumentar para 46 milh\u00f5es, caso elas n\u00e3o tenham acesso a uma cobertura de prote\u00e7\u00e3o social cr\u00edtica. Segundo o estudo, choques econ\u00f4micos adicionais e o fechamento de escolas como consequ\u00eancia da COVID-19 significam que as crian\u00e7as que j\u00e1 se encontram em situa\u00e7\u00e3o de trabalho infantil podem estar trabalhando mais horas ou em condi\u00e7\u00f5es de piores, enquanto muitas mais podem ser levadas \u00e0s piores formas de trabalho infantil devido \u00e0 perda de emprego e renda das fam\u00edlias vulner\u00e1veis.<\/p>\n<p>&nbsp;<\/p>\n<p><strong>Principais conclus\u00f5es do relat\u00f3rio:<\/strong><\/p>\n<p>&nbsp;<\/p>\n<p>O setor agr\u00edcola representa 70% das crian\u00e7as em situa\u00e7\u00e3o de trabalho infantil (112 milh\u00f5es), seguido do setor de servi\u00e7os com 20% (31,4 milh\u00f5es) e o setor da ind\u00fastria com 10% (16,5 milh\u00f5es).<\/p>\n<p>&nbsp;<\/p>\n<p>Quase 28% das crian\u00e7as de 5 a 11 anos e 35% das crian\u00e7as entre 12 e 14 anos em situa\u00e7\u00e3o de trabalho infantil n\u00e3o s\u00e3o escolarizadas.<\/p>\n<p>&nbsp;<\/p>\n<p>O trabalho infantil \u00e9 mais prevalente entre meninos do que meninas, independentemente da idade. Se as tarefas dom\u00e9sticas executadas por 21 horas ou mais por semana forem levadas em considera\u00e7\u00e3o, a lacuna de g\u00eanero diminui.<\/p>\n<p>&nbsp;<\/p>\n<p>O trabalho infantil nas \u00e1reas rurais (14%) \u00e9 quase tr\u00eas vezes mais frequente do que nas \u00e1reas urbanas (5%).<\/p>\n<p>&nbsp;<\/p>\n","protected":false},"excerpt":{"rendered":"<p>ROSANA HESSEL A pandemia da covid-19 fez o n\u00famero de crian\u00e7as em situa\u00e7\u00e3o de trabalho infantil registrou o primeiro aumento em duas d\u00e9cadas, conforme relat\u00f3rio conjunto da Organiza\u00e7\u00e3o Internacional do Trabalho (OIT) e do Fundo de Emerg\u00eancia Internacional das Na\u00e7\u00f5es Unidas para a Inf\u00e2ncia (Unicef), divulgado nesta quarta-feira (09\/06). Segundo o levantamento, existem 160 milh\u00f5es [&hellip;]<\/p>\n","protected":false},"author":22,"featured_media":19337,"comment_status":"open","ping_status":"closed","sticky":false,"template":"","format":"standard","meta":{"wpb_read_more":[],"footnotes":""},"categories":[600],"tags":[2828,4510,465,5543,5544],"class_list":["post-19334","post","type-post","status-publish","format-standard","has-post-thumbnail","hentry","category-economia","tag-oit","tag-pandemia","tag-pesquisa","tag-trabalho-infantil","tag-unicef"],"_links":{"self":[{"href":"https:\/\/blogs2.correiobraziliense.com.br\/vicente\/wp-json\/wp\/v2\/posts\/19334","targetHints":{"allow":["GET"]}}],"collection":[{"href":"https:\/\/blogs2.correiobraziliense.com.br\/vicente\/wp-json\/wp\/v2\/posts"}],"about":[{"href":"https:\/\/blogs2.correiobraziliense.com.br\/vicente\/wp-json\/wp\/v2\/types\/post"}],"author":[{"embeddable":true,"href":"https:\/\/blogs2.correiobraziliense.com.br\/vicente\/wp-json\/wp\/v2\/users\/22"}],"replies":[{"embeddable":true,"href":"https:\/\/blogs2.correiobraziliense.com.br\/vicente\/wp-json\/wp\/v2\/comments?post=19334"}],"version-history":[{"count":2,"href":"https:\/\/blogs2.correiobraziliense.com.br\/vicente\/wp-json\/wp\/v2\/posts\/19334\/revisions"}],"predecessor-version":[{"id":19338,"href":"https:\/\/blogs2.correiobraziliense.com.br\/vicente\/wp-json\/wp\/v2\/posts\/19334\/revisions\/19338"}],"wp:featuredmedia":[{"embeddable":true,"href":"https:\/\/blogs2.correiobraziliense.com.br\/vicente\/wp-json\/wp\/v2\/media\/19337"}],"wp:attachment":[{"href":"https:\/\/blogs2.correiobraziliense.com.br\/vicente\/wp-json\/wp\/v2\/media?parent=19334"}],"wp:term":[{"taxonomy":"category","embeddable":true,"href":"https:\/\/blogs2.correiobraziliense.com.br\/vicente\/wp-json\/wp\/v2\/categories?post=19334"},{"taxonomy":"post_tag","embeddable":true,"href":"https:\/\/blogs2.correiobraziliense.com.br\/vicente\/wp-json\/wp\/v2\/tags?post=19334"}],"curies":[{"name":"wp","href":"https:\/\/api.w.org\/{rel}","templated":true}]}}