{"id":19350,"date":"2021-06-11T11:01:38","date_gmt":"2021-06-11T14:01:38","guid":{"rendered":"https:\/\/blogs2.correiobraziliense.com.br\/vicente\/?p=19350"},"modified":"2021-06-11T11:56:23","modified_gmt":"2021-06-11T14:56:23","slug":"quebra-de-sigilos-pela-cpi-da-covid-pode-ferrar-o-governo-acredita-bolsonaro","status":"publish","type":"post","link":"https:\/\/blogs2.correiobraziliense.com.br\/vicente\/quebra-de-sigilos-pela-cpi-da-covid-pode-ferrar-o-governo-acredita-bolsonaro\/","title":{"rendered":"Quebra de sigilos pela CPI da Covid pode &#8220;ferrar&#8221; o governo, acredita Bolsonaro"},"content":{"rendered":"<h2>Duas pessoas que conversaram com o presidente Jair Bolsonaro afirmam, de forma categ\u00f3rica, que ele est\u00e1 com muito medo da quebra de sigilos pela CPI da Covid. No entender de Bolsonaro, isso pode &#8220;ferrar&#8221; o governo. H\u00e1 suspeitas entre os senadores de que integrantes do Pal\u00e1cio do Planalto receberam propina de laborat\u00f3rios fabricantes de cloroquina.<\/h2>\n<p>&nbsp;<\/p>\n<p>N\u00e3o por acaso, o presidente esta tentando criar um fato atr\u00e1s do outro para confundir a popula\u00e7\u00e3o. A fala sobre o possibilidade de o governo derrubar a obrigatoriedade do uso de m\u00e1scaras por quem j\u00e1 foi vacinado ou teve covid-19 est\u00e1 dentro dessas estrat\u00e9gias.<\/p>\n<p>&nbsp;<\/p>\n<p>Assessores do presidente j\u00e1 est\u00e3o correndo para averiguar at\u00e9 que ponto a quebra de sigilos pela CPI pode atingir em cheio o Planalto. Est\u00e3o na lista das pessoas que tiveram aprovada a quebra de sigilos telef\u00f4nico e telem\u00e1tico o ex-ministro da Sa\u00fade Eduardo Pazuello, o assessor internacional da Presid\u00eancia da Rep\u00fablica, Filipe Martins, e o empres\u00e1rio Carlos Wizard.<\/p>\n<p>&nbsp;<\/p>\n<p><em>Bras\u00edlia, 11h01min<\/em><\/p>\n","protected":false},"excerpt":{"rendered":"<p>Duas pessoas que conversaram com o presidente Jair Bolsonaro afirmam, de forma categ\u00f3rica, que ele est\u00e1 com muito medo da quebra de sigilos pela CPI da Covid. No entender de Bolsonaro, isso pode &#8220;ferrar&#8221; o governo. H\u00e1 suspeitas entre os senadores de que integrantes do Pal\u00e1cio do Planalto receberam propina de laborat\u00f3rios fabricantes de cloroquina. [&hellip;]<\/p>\n","protected":false},"author":22,"featured_media":10126,"comment_status":"open","ping_status":"closed","sticky":false,"template":"","format":"standard","meta":{"wpb_read_more":[],"footnotes":""},"categories":[600],"tags":[5546,926,2526,2787,5545],"class_list":["post-19350","post","type-post","status-publish","format-standard","has-post-thumbnail","hentry","category-economia","tag-acredita-bolsonaro","tag-brasilia","tag-poder","tag-politica","tag-quebra-de-sigilos-pela-cpi-da-covid-pode-ferrar-o-governo"],"_links":{"self":[{"href":"https:\/\/blogs2.correiobraziliense.com.br\/vicente\/wp-json\/wp\/v2\/posts\/19350","targetHints":{"allow":["GET"]}}],"collection":[{"href":"https:\/\/blogs2.correiobraziliense.com.br\/vicente\/wp-json\/wp\/v2\/posts"}],"about":[{"href":"https:\/\/blogs2.correiobraziliense.com.br\/vicente\/wp-json\/wp\/v2\/types\/post"}],"author":[{"embeddable":true,"href":"https:\/\/blogs2.correiobraziliense.com.br\/vicente\/wp-json\/wp\/v2\/users\/22"}],"replies":[{"embeddable":true,"href":"https:\/\/blogs2.correiobraziliense.com.br\/vicente\/wp-json\/wp\/v2\/comments?post=19350"}],"version-history":[{"count":1,"href":"https:\/\/blogs2.correiobraziliense.com.br\/vicente\/wp-json\/wp\/v2\/posts\/19350\/revisions"}],"predecessor-version":[{"id":19351,"href":"https:\/\/blogs2.correiobraziliense.com.br\/vicente\/wp-json\/wp\/v2\/posts\/19350\/revisions\/19351"}],"wp:featuredmedia":[{"embeddable":true,"href":"https:\/\/blogs2.correiobraziliense.com.br\/vicente\/wp-json\/wp\/v2\/media\/10126"}],"wp:attachment":[{"href":"https:\/\/blogs2.correiobraziliense.com.br\/vicente\/wp-json\/wp\/v2\/media?parent=19350"}],"wp:term":[{"taxonomy":"category","embeddable":true,"href":"https:\/\/blogs2.correiobraziliense.com.br\/vicente\/wp-json\/wp\/v2\/categories?post=19350"},{"taxonomy":"post_tag","embeddable":true,"href":"https:\/\/blogs2.correiobraziliense.com.br\/vicente\/wp-json\/wp\/v2\/tags?post=19350"}],"curies":[{"name":"wp","href":"https:\/\/api.w.org\/{rel}","templated":true}]}}