{"id":19355,"date":"2021-06-11T14:50:19","date_gmt":"2021-06-11T17:50:19","guid":{"rendered":"https:\/\/blogs2.correiobraziliense.com.br\/vicente\/?p=19355"},"modified":"2021-06-11T14:53:24","modified_gmt":"2021-06-11T17:53:24","slug":"governo-anuncia-fim-de-cobranca-de-laudemio-apos-derrota-no-stf","status":"publish","type":"post","link":"https:\/\/blogs2.correiobraziliense.com.br\/vicente\/governo-anuncia-fim-de-cobranca-de-laudemio-apos-derrota-no-stf\/","title":{"rendered":"Governo anuncia fim de cobran\u00e7a de laud\u00eamio ap\u00f3s derrota no STF"},"content":{"rendered":"<h2>ROSANA HESSEL<\/h2>\n<h2><\/h2>\n<h2>Um m\u00eas depois de o Supremo Tribunal Federal (STF) negar um recurso da Uni\u00e3o contra o pedido de anula\u00e7\u00e3o da cobran\u00e7a de foro e laud\u00eamio, o Minist\u00e9rio da Economia anunciou o cancelamento da cobran\u00e7a do laud\u00eamio e outras taxas patrimoniais para propriet\u00e1rios ou compradores de im\u00f3veis em \u00e1reas de propriedade da Marinha e de ocupantes irregulares de im\u00f3veis do governo federal.<\/h2>\n<h2><\/h2>\n<p>O laud\u00eamio \u00e9 uma taxa de 5% para pelas transa\u00e7\u00f5es de compra e venda de im\u00f3veis que supostamente ocupam \u00e1reas da Marinha. A taxa de foro \u00e9 uma cobran\u00e7a anualmente pela utiliza\u00e7\u00e3o da \u00e1rea.\u00a0\u00a0A decis\u00e3o do Supremo, no in\u00edcio de maio, foi definitiva e beneficiou\u00a010 mil propriet\u00e1rios de im\u00f3veis em \u00e1reas litor\u00e2neas de Niter\u00f3i (RJ).<\/p>\n<p>&nbsp;<\/p>\n<p>De acordo com comunicado da Economia, o cancelamento dessas taxas dever\u00e1 beneficiar 600 mil im\u00f3veis &#8220;inscritos no regime de aforamento e ocupa\u00e7\u00e3o\u00a0em todo o pa\u00eds&#8221;.\u00a0Para operacionalizar essa isen\u00e7\u00e3o, a Secretaria de Coordena\u00e7\u00e3o e Governan\u00e7a do Patrim\u00f4nio da Uni\u00e3o (SPU) vai lan\u00e7ar a remi\u00e7\u00e3o de foro digital, em julho deste ano, e regulamentar a Proposta de Manifesta\u00e7\u00e3o de Aquisi\u00e7\u00e3o (PMA) at\u00e9 outubro de 2021.<\/p>\n<p>&nbsp;<\/p>\n<p>A\u00a0remi\u00e7\u00e3o de foro digital ser\u00e1 realizada por meio do aplicativo SPUApp e possibilitar\u00e1 a aquisi\u00e7\u00e3o do dom\u00ednio pleno de mais de 300 mil im\u00f3veis localizados em terrenos de marinha e interiores. Com isso, o ocupante, que \u00e9 detentor de apenas 83% do im\u00f3vel, comprar\u00e1 da Uni\u00e3o os 17% restantes, com desconto de 25% para pagamento \u00e0 vista. No caso da ades\u00e3o \u00e0 remi\u00e7\u00e3o, estar\u00e3o isentas as taxas de laud\u00eamio e de foro anual.<\/p>\n<p>&nbsp;<\/p>\n<p>Al\u00e9m da remi\u00e7\u00e3o, os ocupantes regulares de im\u00f3veis, que atualmente pagam taxa anual pela utiliza\u00e7\u00e3o do espa\u00e7o, tamb\u00e9m poder\u00e3o adquirir a propriedade. Neste caso, o terreno \u00e9 100% da Uni\u00e3o e os ocupantes poder\u00e3o manifestar seu interesse na compra do terreno por meio da PMA. A medida ser\u00e1 regulamentada pela SPU e impactar\u00e1 cerca de 300 mil ativos em todo o pa\u00eds.<\/p>\n<p>&nbsp;<\/p>\n<p>Segundo a pasta, o processo de remiss\u00e3o ter\u00e1 in\u00edcio no Rio de Janeiro, nos bairros de Copacabana e Leme. A estimativa do \u00f3rg\u00e3o \u00e9 que mais de um milh\u00e3o de pessoas poder\u00e3o ser beneficiadas com a medida.\u00a0&#8220;A a\u00e7\u00e3o integra o Programa SPU+ que visa ativar a economia por meio da contabiliza\u00e7\u00e3o de R$ 110 bilh\u00f5es em im\u00f3veis da Uni\u00e3o at\u00e9 2022&#8221;, informou nota da pasta divulgada nesta sexta-feira (11\/06).<\/p>\n<h1 class=\"documentFirstHeading\"><\/h1>\n","protected":false},"excerpt":{"rendered":"<p>ROSANA HESSEL Um m\u00eas depois de o Supremo Tribunal Federal (STF) negar um recurso da Uni\u00e3o contra o pedido de anula\u00e7\u00e3o da cobran\u00e7a de foro e laud\u00eamio, o Minist\u00e9rio da Economia anunciou o cancelamento da cobran\u00e7a do laud\u00eamio e outras taxas patrimoniais para propriet\u00e1rios ou compradores de im\u00f3veis em \u00e1reas de propriedade da Marinha e [&hellip;]<\/p>\n","protected":false},"author":22,"featured_media":17184,"comment_status":"open","ping_status":"closed","sticky":false,"template":"","format":"standard","meta":{"wpb_read_more":[],"footnotes":""},"categories":[600],"tags":[56,1554,2564,3666,986,192,5549],"class_list":["post-19355","post","type-post","status-publish","format-standard","has-post-thumbnail","hentry","category-economia","tag-cancelamento","tag-imoveis","tag-marinha","tag-ministerio-da-economia","tag-spu","tag-stf","tag-taxa-de-laudemio"],"_links":{"self":[{"href":"https:\/\/blogs2.correiobraziliense.com.br\/vicente\/wp-json\/wp\/v2\/posts\/19355","targetHints":{"allow":["GET"]}}],"collection":[{"href":"https:\/\/blogs2.correiobraziliense.com.br\/vicente\/wp-json\/wp\/v2\/posts"}],"about":[{"href":"https:\/\/blogs2.correiobraziliense.com.br\/vicente\/wp-json\/wp\/v2\/types\/post"}],"author":[{"embeddable":true,"href":"https:\/\/blogs2.correiobraziliense.com.br\/vicente\/wp-json\/wp\/v2\/users\/22"}],"replies":[{"embeddable":true,"href":"https:\/\/blogs2.correiobraziliense.com.br\/vicente\/wp-json\/wp\/v2\/comments?post=19355"}],"version-history":[{"count":5,"href":"https:\/\/blogs2.correiobraziliense.com.br\/vicente\/wp-json\/wp\/v2\/posts\/19355\/revisions"}],"predecessor-version":[{"id":19360,"href":"https:\/\/blogs2.correiobraziliense.com.br\/vicente\/wp-json\/wp\/v2\/posts\/19355\/revisions\/19360"}],"wp:featuredmedia":[{"embeddable":true,"href":"https:\/\/blogs2.correiobraziliense.com.br\/vicente\/wp-json\/wp\/v2\/media\/17184"}],"wp:attachment":[{"href":"https:\/\/blogs2.correiobraziliense.com.br\/vicente\/wp-json\/wp\/v2\/media?parent=19355"}],"wp:term":[{"taxonomy":"category","embeddable":true,"href":"https:\/\/blogs2.correiobraziliense.com.br\/vicente\/wp-json\/wp\/v2\/categories?post=19355"},{"taxonomy":"post_tag","embeddable":true,"href":"https:\/\/blogs2.correiobraziliense.com.br\/vicente\/wp-json\/wp\/v2\/tags?post=19355"}],"curies":[{"name":"wp","href":"https:\/\/api.w.org\/{rel}","templated":true}]}}