{"id":19373,"date":"2021-06-14T18:12:58","date_gmt":"2021-06-14T21:12:58","guid":{"rendered":"https:\/\/blogs2.correiobraziliense.com.br\/vicente\/?p=19373"},"modified":"2021-06-14T22:06:28","modified_gmt":"2021-06-15T01:06:28","slug":"negacionista-embaixador-do-brasil-em-washington-ainda-nao-tomou-vacina","status":"publish","type":"post","link":"https:\/\/blogs2.correiobraziliense.com.br\/vicente\/negacionista-embaixador-do-brasil-em-washington-ainda-nao-tomou-vacina\/","title":{"rendered":"Negacionista, embaixador do Brasil em Washington ainda n\u00e3o tomou vacina"},"content":{"rendered":"<h2>Mesmo com a vacina\u00e7\u00e3o nos Estados Unidos estando em fase avan\u00e7ad\u00edssima, a ponto de o presidente Joe Biden autorizar a retirada de m\u00e1scaras em lugares abertos, o embaixador do Brasil em Washington, Nestor Forster, ainda n\u00e3o tomou o imunizante contra a covid-19.<\/h2>\n<p>&nbsp;<\/p>\n<p>Forster \u00e9 seguidor do extremista de direita Olavo de Carvalho. Foi o embaixador, inclusive, quem apresentou o guru da fam\u00edlia Bolsonaro ao ex-ministro das Rela\u00e7\u00f5es Exteriores Ernesto Ara\u00fajo. O atual comandante do Itamaraty, Carlos Fran\u00e7a, por sinal, tomou vacina nesta segunda-feira (14\/06).<\/p>\n<p>&nbsp;<\/p>\n<p>O chefe da representa\u00e7\u00e3o diplom\u00e1tica do Brasil em Washington, a mais importante embaixada do pa\u00eds no exterior, \u00e9 defensor contumaz do tratamento precoce com cloroquina contra a covid-19, mesmo sem comprova\u00e7\u00e3o cient\u00edfica, assim como o presidente Jair Bolsonaro.<\/p>\n<p>&nbsp;<\/p>\n<p>Em documento que est\u00e1 de posse da CPI da Covid, ao qual a TV Globo teve acesso, Forster comemorou, em maio do ano passado, a doa\u00e7\u00e3o de 2 milh\u00f5es de comprimidos de hidroxicloroquina ao Brasil pelo governo dos EUA. &#8220;Habemus hidroxicloroquinam!&#8221;, comemorou, \u00e0 \u00e9poca.<\/p>\n<p>&nbsp;<\/p>\n<p>Em nota encaminhada ao <strong>Blog<\/strong>, o Itamaraty diz que os integrantes do servi\u00e7o exterior brasileiro n\u00e3o s\u00e3o obrigados a se vacinarem. O importante \u00e9 que sigam as regras de imuniza\u00e7\u00e3o dos pa\u00edses nos quais est\u00e3o atuando. Ressalta, ainda, que os servidores n\u00e3o s\u00e3o obrigados a avisarem o \u00f3rg\u00e3o caso tenham se vacinado. Veja a \u00edntegra da nota:<\/p>\n<p>&nbsp;<\/p>\n<p>&#8220;N\u00e3o se requer aos servidores que notifiquem o Itamaraty em caso de vacina\u00e7\u00e3o contra a covid-19. O Minist\u00e9rio n\u00e3o tem conhecimento de pa\u00edses em que a vacina\u00e7\u00e3o seja obrigat\u00f3ria.<\/p>\n<p>Os membros do Servi\u00e7o Exterior Brasileiro, assim como os funcion\u00e1rios locais contratados pelas representa\u00e7\u00f5es brasileiras no exterior que decidam vacinar-se o fazem de acordo com os programas de imuniza\u00e7\u00e3o adotados nos respectivos pa\u00edses em que residem.&#8221;<\/p>\n<p>&nbsp;<\/p>\n<p><em>Bras\u00edlia, 18h12min<\/em><\/p>\n","protected":false},"excerpt":{"rendered":"<p>Mesmo com a vacina\u00e7\u00e3o nos Estados Unidos estando em fase avan\u00e7ad\u00edssima, a ponto de o presidente Joe Biden autorizar a retirada de m\u00e1scaras em lugares abertos, o embaixador do Brasil em Washington, Nestor Forster, ainda n\u00e3o tomou o imunizante contra a covid-19. &nbsp; Forster \u00e9 seguidor do extremista de direita Olavo de Carvalho. Foi o [&hellip;]<\/p>\n","protected":false},"author":22,"featured_media":19375,"comment_status":"open","ping_status":"closed","sticky":false,"template":"","format":"standard","meta":{"wpb_read_more":[],"footnotes":""},"categories":[600],"tags":[926,5553,5552,2526,2787],"class_list":["post-19373","post","type-post","status-publish","format-standard","has-post-thumbnail","hentry","category-economia","tag-brasilia","tag-embaixador-do-brasil-em-washington-ainda-nao-tomou-vacina","tag-negacionista","tag-poder","tag-politica"],"_links":{"self":[{"href":"https:\/\/blogs2.correiobraziliense.com.br\/vicente\/wp-json\/wp\/v2\/posts\/19373","targetHints":{"allow":["GET"]}}],"collection":[{"href":"https:\/\/blogs2.correiobraziliense.com.br\/vicente\/wp-json\/wp\/v2\/posts"}],"about":[{"href":"https:\/\/blogs2.correiobraziliense.com.br\/vicente\/wp-json\/wp\/v2\/types\/post"}],"author":[{"embeddable":true,"href":"https:\/\/blogs2.correiobraziliense.com.br\/vicente\/wp-json\/wp\/v2\/users\/22"}],"replies":[{"embeddable":true,"href":"https:\/\/blogs2.correiobraziliense.com.br\/vicente\/wp-json\/wp\/v2\/comments?post=19373"}],"version-history":[{"count":3,"href":"https:\/\/blogs2.correiobraziliense.com.br\/vicente\/wp-json\/wp\/v2\/posts\/19373\/revisions"}],"predecessor-version":[{"id":19382,"href":"https:\/\/blogs2.correiobraziliense.com.br\/vicente\/wp-json\/wp\/v2\/posts\/19373\/revisions\/19382"}],"wp:featuredmedia":[{"embeddable":true,"href":"https:\/\/blogs2.correiobraziliense.com.br\/vicente\/wp-json\/wp\/v2\/media\/19375"}],"wp:attachment":[{"href":"https:\/\/blogs2.correiobraziliense.com.br\/vicente\/wp-json\/wp\/v2\/media?parent=19373"}],"wp:term":[{"taxonomy":"category","embeddable":true,"href":"https:\/\/blogs2.correiobraziliense.com.br\/vicente\/wp-json\/wp\/v2\/categories?post=19373"},{"taxonomy":"post_tag","embeddable":true,"href":"https:\/\/blogs2.correiobraziliense.com.br\/vicente\/wp-json\/wp\/v2\/tags?post=19373"}],"curies":[{"name":"wp","href":"https:\/\/api.w.org\/{rel}","templated":true}]}}