{"id":19405,"date":"2021-06-16T12:43:28","date_gmt":"2021-06-16T15:43:28","guid":{"rendered":"https:\/\/blogs2.correiobraziliense.com.br\/vicente\/?p=19405"},"modified":"2021-06-16T13:46:30","modified_gmt":"2021-06-16T16:46:30","slug":"dolar-e-negociado-abaixo-de-r-5-pela-primeira-vez-em-um-ano","status":"publish","type":"post","link":"https:\/\/blogs2.correiobraziliense.com.br\/vicente\/dolar-e-negociado-abaixo-de-r-5-pela-primeira-vez-em-um-ano\/","title":{"rendered":"D\u00f3lar \u00e9 negociado abaixo de R$ 5 pela primeira vez em um ano"},"content":{"rendered":"<h2>A expectativa de um aumento mais forte na taxa b\u00e1sica de juros (Selic), que est\u00e1 em 3,5%, levou o d\u00f3lar a ser negociado abaixo de R$ 5 pela primeira vez em um ano nesta quarta-feira (16\/06).<\/h2>\n<p>&nbsp;<\/p>\n<p>A moeda norte-americana chegou a ser cotada a R$ 4,989 para venda. Poucos minutos depois, por\u00e9m, subiu para R$ 5,001, com baixa de 0,83%.<\/p>\n<p>&nbsp;<\/p>\n<p>Especialistas acreditam que, confirmada a possibilidade de o Comit\u00ea de Pol\u00edtica Monet\u00e1ria (Copom) aumentar a Selic em um ponto percentual, e n\u00e3o em 0,75 ponto, o pa\u00eds pode atrair mais recursos estrangeiros e, com isso, manter o d\u00f3lar abaixo de R$ 5.<\/p>\n<p>&nbsp;<\/p>\n<p>Os investidores estrangeiros j\u00e1 v\u00eam aportando recursos na Bolsa de Valores. Mas, com os juros subindo mais rapidamente, a tend\u00eancia \u00e9 de o capital externo migrar para t\u00edtulos p\u00fablicos, do quais est\u00e1 bem distante.<\/p>\n<p>&nbsp;<\/p>\n<p>A aposta de eleva\u00e7\u00e3o de um ponto percentual da Selic nesta quarta \u00e9 sustentada na percep\u00e7\u00e3o de que a infla\u00e7\u00e3o deste ano e do pr\u00f3ximo ficar\u00e1 bem acima do previsto pelo Banco Central. Portanto, seria importante que a autoridade monet\u00e1ria agisse com maior rigor.<\/p>\n<p>&nbsp;<\/p>\n<p>O Copom j\u00e1 havia se comprometido com aumento de 0,75 ponto na Selic. Contudo, o quadro inflacion\u00e1rio se agravou muito nos \u00faltimos 45 dias, sobretudo por causa da disparada das tarifas de energia, que continuar\u00e3o subindo.<\/p>\n<p>&nbsp;<\/p>\n<p>Caso opte por subir a Selic em 075 ponto, conforme antecipado, o Copom deve retirar de seu comunicado a express\u00e3o &#8220;ajuste parcial&#8221; dos juros. A aposta dos analistas \u00e9 de que a taxa b\u00e1sica passe de 6,5% ao longo do ano, para que possa controlar a infla\u00e7\u00e3o.<\/p>\n<p>&nbsp;<\/p>\n<p><strong>Crescimento e reformas<\/strong><\/p>\n<p>&nbsp;<\/p>\n<p>Na avalia\u00e7\u00e3o do economista Arnaldo Lima, diretor de Estrat\u00e9gias P\u00fablicas da MAG, al\u00e9m dos juros mais altos, est\u00e3o contribuindo para a queda do d\u00f3lar a expectativa de melhora da atividade econ\u00f4mica mundial em 2021 e a eleva\u00e7\u00e3o dos pre\u00e7os das commodities.<\/p>\n<p>&nbsp;<\/p>\n<p>&#8220;Esse quadro proporciona maior apetite a risco por parte dos investidores estrangeiros em injetar capital nos pa\u00edses em desenvolvimento, inclusive no Brasil. Ressalta-se que o real n\u00e3o \u00e9 a \u00fanica moeda de pa\u00edses emergentes que est\u00e1 se apreciando frente ao d\u00f3lar&#8221;, destaca Lima.<\/p>\n<p>&nbsp;<\/p>\n<p>Para que a tend\u00eancia da trajet\u00f3ria de fortalecimento do real frente ao d\u00f3lar seja duradoura, o diretor da MAG ressalta a import\u00e2ncia da aprova\u00e7\u00e3o das reformas administrativa e tribut\u00e1ria e, sobretudo, o controle da infla\u00e7\u00e3o.<\/p>\n<p>&nbsp;<\/p>\n<p><em>Bras\u00edlia, 12h43min<\/em><\/p>\n","protected":false},"excerpt":{"rendered":"<p>A expectativa de um aumento mais forte na taxa b\u00e1sica de juros (Selic), que est\u00e1 em 3,5%, levou o d\u00f3lar a ser negociado abaixo de R$ 5 pela primeira vez em um ano nesta quarta-feira (16\/06). &nbsp; A moeda norte-americana chegou a ser cotada a R$ 4,989 para venda. Poucos minutos depois, por\u00e9m, subiu para [&hellip;]<\/p>\n","protected":false},"author":22,"featured_media":11588,"comment_status":"open","ping_status":"closed","sticky":false,"template":"","format":"standard","meta":{"wpb_read_more":[],"footnotes":""},"categories":[600],"tags":[5564,589,4943,4547],"class_list":["post-19405","post","type-post","status-publish","format-standard","has-post-thumbnail","hentry","category-economia","tag-dolar-e-negociado-abaixo-de-r-5-pela-primeira-vez-em-um-ano","tag-economia","tag-financas","tag-negocios"],"_links":{"self":[{"href":"https:\/\/blogs2.correiobraziliense.com.br\/vicente\/wp-json\/wp\/v2\/posts\/19405","targetHints":{"allow":["GET"]}}],"collection":[{"href":"https:\/\/blogs2.correiobraziliense.com.br\/vicente\/wp-json\/wp\/v2\/posts"}],"about":[{"href":"https:\/\/blogs2.correiobraziliense.com.br\/vicente\/wp-json\/wp\/v2\/types\/post"}],"author":[{"embeddable":true,"href":"https:\/\/blogs2.correiobraziliense.com.br\/vicente\/wp-json\/wp\/v2\/users\/22"}],"replies":[{"embeddable":true,"href":"https:\/\/blogs2.correiobraziliense.com.br\/vicente\/wp-json\/wp\/v2\/comments?post=19405"}],"version-history":[{"count":10,"href":"https:\/\/blogs2.correiobraziliense.com.br\/vicente\/wp-json\/wp\/v2\/posts\/19405\/revisions"}],"predecessor-version":[{"id":19416,"href":"https:\/\/blogs2.correiobraziliense.com.br\/vicente\/wp-json\/wp\/v2\/posts\/19405\/revisions\/19416"}],"wp:featuredmedia":[{"embeddable":true,"href":"https:\/\/blogs2.correiobraziliense.com.br\/vicente\/wp-json\/wp\/v2\/media\/11588"}],"wp:attachment":[{"href":"https:\/\/blogs2.correiobraziliense.com.br\/vicente\/wp-json\/wp\/v2\/media?parent=19405"}],"wp:term":[{"taxonomy":"category","embeddable":true,"href":"https:\/\/blogs2.correiobraziliense.com.br\/vicente\/wp-json\/wp\/v2\/categories?post=19405"},{"taxonomy":"post_tag","embeddable":true,"href":"https:\/\/blogs2.correiobraziliense.com.br\/vicente\/wp-json\/wp\/v2\/tags?post=19405"}],"curies":[{"name":"wp","href":"https:\/\/api.w.org\/{rel}","templated":true}]}}