{"id":19421,"date":"2021-06-16T16:10:30","date_gmt":"2021-06-16T19:10:30","guid":{"rendered":"https:\/\/blogs2.correiobraziliense.com.br\/vicente\/?p=19421"},"modified":"2021-06-16T16:10:30","modified_gmt":"2021-06-16T19:10:30","slug":"ifi-melhora-projecoes-do-pib-e-passa-a-prever-superavit-em-2025","status":"publish","type":"post","link":"https:\/\/blogs2.correiobraziliense.com.br\/vicente\/ifi-melhora-projecoes-do-pib-e-passa-a-prever-superavit-em-2025\/","title":{"rendered":"IFI melhora proje\u00e7\u00f5es do PIB e passa a prever superavit em 2025"},"content":{"rendered":"<h2>ROSANA HESSEL<\/h2>\n<h2><\/h2>\n<h2>A Institui\u00e7\u00e3o Fiscal Independente (IFI), do Senado Federal, divulgou, nesta quarta-feira (16\/06), a revis\u00e3o das previs\u00f5es macroecon\u00f4micas e passou a prever um cen\u00e1rio fiscal mais benigno a curto prazo, e passou a prever a volta do superavit prim\u00e1rio (economia para o pagamento dos juros da d\u00edvida p\u00fablica) a partir de 2025.\u00a0Antes, a entidade projetava as contas p\u00fablicas no vermelho at\u00e9 2030, pelo menos.<\/h2>\n<p>&nbsp;<\/p>\n<p>Quando um governo registra deficit prim\u00e1rio, ele gasta mais do que arrecada e isso impacta no aumento da d\u00edvida p\u00fablica. No novo cen\u00e1rio base do Relat\u00f3rio de Avalia\u00e7\u00e3o Fiscal (RAF) de junho, a IFI prev\u00ea um superavit prim\u00e1rio nas contas do governo central (que inclui Tesouro Nacional, Previd\u00eancia Social e Banco Central) em torno de R$ 10 bilh\u00f5es, o primeiro saldo positivo desde 2014.<\/p>\n<p>&nbsp;<\/p>\n<p>Pelas novas proje\u00e7\u00f5es da entidade, o Produto Interno Bruto (PIB) do Brasil dever\u00e1 crescer 4,2%, neste ano, em vez de 3%, o que dever\u00e1 ajudar a elevar em 12,6% o PIB nominal, para R$ 8,4 trilh\u00f5es, o que contribui para a redu\u00e7\u00e3o da d\u00edvida p\u00fablica bruta, que passar\u00e1 de 88,8% do PIB, em 2020, para 85,6% do PIB, neste ano. Nas estimativas otimistas, essa taxa poder\u00e1 chegar a 83,9% do PIB.<\/p>\n<p>&nbsp;<\/p>\n<p>&#8220;No nosso cen\u00e1rio base, o governo central volta ao campo positivo em 2025.\u00a0 O aumento do PIB nominal influenciado pelo ponto de partida mais alto, em 2021, produz efeitos na receita nominal e melhora o resultado prim\u00e1rio&#8221;, destacou o economista Felipe Salto, diretor-executivo da IFI.\u00a0 Ele destacou que o fator preponderante para a redu\u00e7\u00e3o da d\u00edvida bruta \u00e9 o aumento na proje\u00e7\u00e3o do PIB nominal, &#8220;que est\u00e1 influenciado por um deflator do PIB elevado, refletindo os efeitos do c\u00e2mbio, principalmente, na infla\u00e7\u00e3o&#8221;.<\/p>\n<p>&nbsp;<\/p>\n<p>De acordo como Salto, essa melhora tamb\u00e9m \u00e9 resultante de &#8220;alguma venda de reservas&#8221; cambiais e do aumento das devolu\u00e7\u00f5es dos aportes da Uni\u00e3o no Banco Nacional de Desenvolvimento Econ\u00f4mico e Social (BNDES), que devem somar R$ 100 bilh\u00f5es, neste ano, pelas proje\u00e7\u00f5es do Tesouro Nacional.<\/p>\n<p>&nbsp;<\/p>\n<p>O especialista em contas p\u00fablicas reconheceu que a d\u00edvida p\u00fablica bruta, no entanto, continua elevada, 30,5 pontos percentuais acima da m\u00e9dia dos pa\u00edses emergentes e alerta para os riscos de melhora do cen\u00e1rio por conta da infla\u00e7\u00e3o. &#8220;\u00c9 uma melhora, mas\u00a0a trajet\u00f3ria mais benigna da d\u00edvida agora projetada no cen\u00e1rio base depender\u00e1 de uma pol\u00edtica fiscal que fique no prumo.\u00a0 N\u00e3o foram aprovados mecanismos para isso&#8221;, alertou Salto, acrescentando que a aprova\u00e7\u00e3o da Proposta de Emenda \u00e0 Constitui\u00e7\u00e3o (PEC) Emergencial &#8220;foi um tiro n&#8217;\u00e1gua&#8221;.\u00a0\u00a0&#8220;Uma melhora ocasionada pela infla\u00e7\u00e3o \u00e9 sempre perigosa. Se\u00a0isso se perpetuar, poder\u00e1\u00a0poder\u00e1 levar a\u00a0um aumento permanente de infla\u00e7\u00e3o e dos juros, e, consequentemente, produzindo aumento do custo da d\u00edvida e piora fiscal&#8221;, acrescentou.<\/p>\n<p>&nbsp;<\/p>\n<p>Pelas novas estimativas da IFI, o deficit prim\u00e1rio do governo central passou de R$\u00a0266,6 bilh\u00f5es para R$ 197 bilh\u00f5es, dado R$ 18,6 bilh\u00f5es acima\u00a0do saldo negativo projetado pelo Executivo, de R$ 178,4 bilh\u00f5es.\u00a0&#8220;O aumento do PIB nominal e das receitas l\u00edquidas nominais combinados, e a revis\u00e3o das proje\u00e7\u00f5es para os gastos\u00a0previdenci\u00e1rios explicam essa nova trajet\u00f3ria&#8221;, informou o documento. Para 2022, o deficit prim\u00e1rio estimado pela entidade \u00e9 de R$ 126,7 bilh\u00f5es, o equivalente a 1,4% do PIB, &#8220;menor do que\u00a02,3% do PIB de 2021&#8221;. Em\u00a0percentual do PIB, o superavit dever\u00e1 convergir para 0,9% em 2030.<\/p>\n<p>&nbsp;<\/p>\n","protected":false},"excerpt":{"rendered":"<p>ROSANA HESSEL A Institui\u00e7\u00e3o Fiscal Independente (IFI), do Senado Federal, divulgou, nesta quarta-feira (16\/06), a revis\u00e3o das previs\u00f5es macroecon\u00f4micas e passou a prever um cen\u00e1rio fiscal mais benigno a curto prazo, e passou a prever a volta do superavit prim\u00e1rio (economia para o pagamento dos juros da d\u00edvida p\u00fablica) a partir de 2025.\u00a0Antes, a entidade [&hellip;]<\/p>\n","protected":false},"author":22,"featured_media":19422,"comment_status":"open","ping_status":"closed","sticky":false,"template":"","format":"standard","meta":{"wpb_read_more":[],"footnotes":""},"categories":[600],"tags":[542,3294,2433,3566,5565,58,4848,718,1780],"class_list":["post-19421","post","type-post","status-publish","format-standard","has-post-thumbnail","hentry","category-economia","tag-contas-publicas","tag-divida-bruta","tag-fiscal","tag-ifi","tag-macroeconomia","tag-pib","tag-projecoes","tag-revisao","tag-superavit"],"_links":{"self":[{"href":"https:\/\/blogs2.correiobraziliense.com.br\/vicente\/wp-json\/wp\/v2\/posts\/19421","targetHints":{"allow":["GET"]}}],"collection":[{"href":"https:\/\/blogs2.correiobraziliense.com.br\/vicente\/wp-json\/wp\/v2\/posts"}],"about":[{"href":"https:\/\/blogs2.correiobraziliense.com.br\/vicente\/wp-json\/wp\/v2\/types\/post"}],"author":[{"embeddable":true,"href":"https:\/\/blogs2.correiobraziliense.com.br\/vicente\/wp-json\/wp\/v2\/users\/22"}],"replies":[{"embeddable":true,"href":"https:\/\/blogs2.correiobraziliense.com.br\/vicente\/wp-json\/wp\/v2\/comments?post=19421"}],"version-history":[{"count":2,"href":"https:\/\/blogs2.correiobraziliense.com.br\/vicente\/wp-json\/wp\/v2\/posts\/19421\/revisions"}],"predecessor-version":[{"id":19424,"href":"https:\/\/blogs2.correiobraziliense.com.br\/vicente\/wp-json\/wp\/v2\/posts\/19421\/revisions\/19424"}],"wp:featuredmedia":[{"embeddable":true,"href":"https:\/\/blogs2.correiobraziliense.com.br\/vicente\/wp-json\/wp\/v2\/media\/19422"}],"wp:attachment":[{"href":"https:\/\/blogs2.correiobraziliense.com.br\/vicente\/wp-json\/wp\/v2\/media?parent=19421"}],"wp:term":[{"taxonomy":"category","embeddable":true,"href":"https:\/\/blogs2.correiobraziliense.com.br\/vicente\/wp-json\/wp\/v2\/categories?post=19421"},{"taxonomy":"post_tag","embeddable":true,"href":"https:\/\/blogs2.correiobraziliense.com.br\/vicente\/wp-json\/wp\/v2\/tags?post=19421"}],"curies":[{"name":"wp","href":"https:\/\/api.w.org\/{rel}","templated":true}]}}