{"id":19426,"date":"2021-06-16T19:04:36","date_gmt":"2021-06-16T22:04:36","guid":{"rendered":"https:\/\/blogs2.correiobraziliense.com.br\/vicente\/?p=19426"},"modified":"2021-06-16T20:24:05","modified_gmt":"2021-06-16T23:24:05","slug":"banco-central-eleva-taxa-selic-em-075-ponto-para-425-anuais","status":"publish","type":"post","link":"https:\/\/blogs2.correiobraziliense.com.br\/vicente\/banco-central-eleva-taxa-selic-em-075-ponto-para-425-anuais\/","title":{"rendered":"Banco Central eleva taxa Selic em 0,75 ponto, para 4,25% anuais"},"content":{"rendered":"<p>ROSANA HESSEL<\/p>\n<p>&nbsp;<\/p>\n<p><span style=\"font-weight: 400\">O Comit\u00ea de Pol\u00edtica Monet\u00e1ria (Copom) do Banco Central decidiu, nesta quarta-feira (16\/06), por unanimidade, elevar a taxa b\u00e1sica da economia (Selic) em 0,75 ponto percentual, para 4,25% ao ano.\u00a0\u00a0<\/span><span style=\"font-weight: 400\">Foi a terceira alta consecutiva na taxa b\u00e1sica e ela veio em linha com o esperado pelo mercado e com a sinaliza\u00e7\u00e3o do BC na \u00faltima reuni\u00e3o. O Copom ainda deu sinais de que poder\u00e1 encerrar o ano com a Selic pr\u00f3xima de 6,5% anuais &#8212; que \u00e9 considerada pelo mercado para o patamar de juros neutros.<\/span><\/p>\n<p>&nbsp;<\/p>\n<p>No comunicado divulgado ap\u00f3s a reuni\u00e3o, o colegiado ressaltou que &#8220;em seu cen\u00e1rio b\u00e1sico para a infla\u00e7\u00e3o, permanecem fatores de risco em ambas as dire\u00e7\u00f5es&#8221; e manteve o discurso do ajuste parcial na pol\u00edtica monet\u00e1ria, por um lado, mas reconheceu mais riscos, de outro, sinalizando que o aperto monet\u00e1rio, retirando a palavra &#8220;parcial&#8221; quando falou sobre normaliza\u00e7\u00e3o da taxa de juros.<\/p>\n<p>&nbsp;<\/p>\n<p>&#8220;Neste momento, o cen\u00e1rio b\u00e1sico do Copom indica ser apropriada a normaliza\u00e7\u00e3o da taxa de juros para patamar considerado neutro. Esse ajuste \u00e9 necess\u00e1rio para mitigar a dissemina\u00e7\u00e3o dos atuais choques tempor\u00e1rios sobre a infla\u00e7\u00e3o&#8221;, destacou. &#8220;O Comit\u00ea enfatiza, novamente, que n\u00e3o h\u00e1 compromisso com essa posi\u00e7\u00e3o e que os passos futuros da pol\u00edtica monet\u00e1ria poder\u00e3o ser ajustados para assegurar o cumprimento da meta de infla\u00e7\u00e3o&#8221;, acrescentou.<\/p>\n<p>&nbsp;<\/p>\n<p>Para a pr\u00f3xima reuni\u00e3o, o Comit\u00ea informou que prev\u00ea um ajuste da mesma magnitude. &#8220;Contudo, uma deteriora\u00e7\u00e3o das expectativas de infla\u00e7\u00e3o para o horizonte relevante pode exigir uma redu\u00e7\u00e3o mais tempestiva dos est\u00edmulos monet\u00e1rios&#8221;, adicionou.<\/p>\n<p>&nbsp;<\/p>\n<p>A decis\u00e3o do Copom ocorreu no mesmo dia do Fomc, o Copom do Federal Reserve (Fed, o banco central dos Estados Unidos), que manteve a taxa refer\u00eancia perto de zero, com intervalo at\u00e9 0,25%<span style=\"font-weight: 400\">, mas informou que come\u00e7ou a discutir futura redu\u00e7\u00e3o da compra de ativos (tapering), antecipando a sinaliza\u00e7\u00e3o de que vai enxugar o excesso de liquidez do mercado que vinha beneficiando os pa\u00edses emergentes.<\/span><\/p>\n<div><\/div>\n<p><strong>Veja a \u00edntegra do comunicado do Copom:<\/strong><\/p>\n<p>&nbsp;<\/p>\n<p><em>Em sua 239\u00aa reuni\u00e3o, o Comit\u00ea de Pol\u00edtica Monet\u00e1ria (Copom) decidiu, por unanimidade, elevar a taxa Selic para 4,25% a.a.<\/em><\/p>\n<p><em>A atualiza\u00e7\u00e3o do cen\u00e1rio b\u00e1sico do Copom pode ser descrita com as seguintes observa\u00e7\u00f5es:<\/em><\/p>\n<p><em>No cen\u00e1rio externo, est\u00edmulos fiscais e monet\u00e1rios em alguns pa\u00edses desenvolvidos promovem uma recupera\u00e7\u00e3o robusta da atividade econ\u00f4mica. Devido \u00e0 presen\u00e7a de ociosidade, a comunica\u00e7\u00e3o dos principais bancos centrais sugere que os est\u00edmulos monet\u00e1rios ter\u00e3o longa dura\u00e7\u00e3o. Contudo, a incerteza segue elevada e uma nova rodada de questionamentos dos mercados a respeito dos riscos inflacion\u00e1rios nessas economias pode tornar o ambiente desafiador para pa\u00edses emergentes;<\/em><\/p>\n<p><em>Em rela\u00e7\u00e3o \u00e0 atividade econ\u00f4mica brasileira, apesar da intensidade da segunda onda da pandemia, os indicadores recentes continuam mostrando evolu\u00e7\u00e3o mais positiva do que o esperado, implicando revis\u00f5es relevantes nas proje\u00e7\u00f5es de crescimento. Os riscos para a recupera\u00e7\u00e3o econ\u00f4mica reduziram-se significativamente;<\/em><\/p>\n<p><em>A persist\u00eancia da press\u00e3o inflacion\u00e1ria revela-se maior que o esperado, sobretudo entre os bens industriais. Adicionalmente, a lentid\u00e3o da normaliza\u00e7\u00e3o nas condi\u00e7\u00f5es de oferta, a resili\u00eancia da demanda e implica\u00e7\u00f5es da deteriora\u00e7\u00e3o do cen\u00e1rio h\u00eddrico sobre as tarifas de energia el\u00e9trica contribuem para manter a infla\u00e7\u00e3o elevada no curto prazo, a despeito da recente aprecia\u00e7\u00e3o do Real. O Comit\u00ea segue atento \u00e0 evolu\u00e7\u00e3o desses choques e seus potenciais efeitos secund\u00e1rios, assim como ao comportamento dos pre\u00e7os de servi\u00e7os conforme os efeitos da vacina\u00e7\u00e3o sobre a economia se tornam mais significativos;<\/em><\/p>\n<p><em>As diversas medidas de infla\u00e7\u00e3o subjacente apresentam-se acima do intervalo compat\u00edvel com o cumprimento da meta para a infla\u00e7\u00e3o;<\/em><br \/>\n<em>As expectativas de infla\u00e7\u00e3o para 2021, 2022 e 2023 apuradas pela pesquisa Focus encontram-se em torno de 5,8%, 3,8% e 3,25%, respectivamente; e\u00a0<\/em><\/p>\n<p><em>No cen\u00e1rio b\u00e1sico, com trajet\u00f3ria para a taxa de juros extra\u00edda da pesquisa Focus e taxa de c\u00e2mbio partindo de USD\/BRL 5,05*, e evoluindo segundo a paridade do poder de compra (PPC), as proje\u00e7\u00f5es de infla\u00e7\u00e3o do Copom situam-se em torno de 5,8% para 2021 e 3,5% para 2022. Esse cen\u00e1rio sup\u00f5e trajet\u00f3ria de juros que se eleva para 6,25% a.a. neste ano e para 6,50% a.a. em 2022. Nesse cen\u00e1rio, as proje\u00e7\u00f5es para a infla\u00e7\u00e3o de pre\u00e7os administrados s\u00e3o de 9,7% para 2021 e 5,1% para 2022. Adota-se uma hip\u00f3tese neutra para a bandeira tarif\u00e1ria de energia el\u00e9trica, que se mant\u00e9m em &#8220;vermelha patamar 1&#8221; em dezembro de cada ano-calend\u00e1rio.<\/em><\/p>\n<p><em>O Comit\u00ea ressalta que, em seu cen\u00e1rio b\u00e1sico para a infla\u00e7\u00e3o, permanecem fatores de risco em ambas as dire\u00e7\u00f5es.<\/em><\/p>\n<p><em>Por um lado, uma poss\u00edvel revers\u00e3o, ainda que parcial, do aumento recente nos pre\u00e7os das commodities internacionais em moeda local produziria trajet\u00f3ria de infla\u00e7\u00e3o abaixo do cen\u00e1rio b\u00e1sico.<\/em><\/p>\n<p><em>Por outro lado, novos prolongamentos das pol\u00edticas fiscais de resposta \u00e0 pandemia que pressionem a demanda agregada e piorem a trajet\u00f3ria fiscal podem elevar os pr\u00eamios de risco do pa\u00eds. Apesar da melhora recente nos indicadores de sustentabilidade da d\u00edvida p\u00fablica, o risco fiscal elevado segue criando uma assimetria altista no balan\u00e7o de riscos, ou seja, com trajet\u00f3rias para a infla\u00e7\u00e3o acima do projetado no horizonte relevante para a pol\u00edtica monet\u00e1ria.<\/em><\/p>\n<p><em>O Copom reitera que perseverar no processo de reformas e ajustes necess\u00e1rios na economia brasileira \u00e9 essencial para permitir a recupera\u00e7\u00e3o sustent\u00e1vel da economia. O Comit\u00ea ressalta, ainda, que questionamentos sobre a continuidade das reformas e altera\u00e7\u00f5es de car\u00e1ter permanente no processo de ajuste das contas p\u00fablicas podem elevar a taxa de juros estrutural da economia.<\/em><\/p>\n<p><em>Considerando o cen\u00e1rio b\u00e1sico, o balan\u00e7o de riscos e o amplo conjunto de informa\u00e7\u00f5es dispon\u00edveis, o Copom decidiu, por unanimidade, elevar a taxa b\u00e1sica de juros em 0,75 ponto percentual, para 4,25% a.a. O Comit\u00ea entende que essa decis\u00e3o reflete seu cen\u00e1rio b\u00e1sico e um balan\u00e7o de riscos de vari\u00e2ncia maior do que a usual para a infla\u00e7\u00e3o prospectiva e \u00e9 compat\u00edvel com a converg\u00eancia da infla\u00e7\u00e3o para a meta no horizonte relevante, que inclui o ano-calend\u00e1rio de 2022. Sem preju\u00edzo de seu objetivo fundamental de assegurar a estabilidade de pre\u00e7os, essa decis\u00e3o tamb\u00e9m implica suaviza\u00e7\u00e3o das flutua\u00e7\u00f5es do n\u00edvel de atividade econ\u00f4mica e fomento do pleno emprego.<\/em><\/p>\n<p><em>Neste momento, o cen\u00e1rio b\u00e1sico do Copom indica ser apropriada a normaliza\u00e7\u00e3o da taxa de juros para patamar considerado neutro. Esse ajuste \u00e9 necess\u00e1rio para mitigar a dissemina\u00e7\u00e3o dos atuais choques tempor\u00e1rios sobre a infla\u00e7\u00e3o. O Comit\u00ea enfatiza, novamente, que n\u00e3o h\u00e1 compromisso com essa posi\u00e7\u00e3o e que os passos futuros da pol\u00edtica monet\u00e1ria poder\u00e3o ser ajustados para assegurar o cumprimento da meta de infla\u00e7\u00e3o.<\/em><\/p>\n<p><em>Para a pr\u00f3xima reuni\u00e3o, o Comit\u00ea antev\u00ea a continua\u00e7\u00e3o do processo de normaliza\u00e7\u00e3o monet\u00e1ria com outro ajuste da mesma magnitude. Contudo, uma deteriora\u00e7\u00e3o das expectativas de infla\u00e7\u00e3o para o horizonte relevante pode exigir uma redu\u00e7\u00e3o mais tempestiva dos est\u00edmulos monet\u00e1rios. O Comit\u00ea ressalta que essa avalia\u00e7\u00e3o tamb\u00e9m depender\u00e1 da evolu\u00e7\u00e3o da atividade econ\u00f4mica, do balan\u00e7o de riscos e de como esses fatores afetam as proje\u00e7\u00f5es de infla\u00e7\u00e3o.<\/em><\/p>\n<p><em>Votaram por essa decis\u00e3o os seguintes membros do Comit\u00ea: Roberto Oliveira Campos Neto (presidente), Bruno Serra Fernandes, Carolina de Assis Barros, Fabio Kanczuk, Jo\u00e3o Manoel Pinho de Mello, Maur\u00edcio Costa de Moura, Ot\u00e1vio Ribeiro Damaso e Paulo S\u00e9rgio Neves de Souza.<\/em><\/p>\n<p><em>*Valor obtido pelo procedimento usual de arredondar a cota\u00e7\u00e3o m\u00e9dia da taxa de c\u00e2mbio USD\/BRL observada nos cinco dias \u00fateis encerrados no \u00faltimo dia da semana anterior \u00e0 da reuni\u00e3o do Copom.<\/em><\/p>\n","protected":false},"excerpt":{"rendered":"<p>ROSANA HESSEL &nbsp; O Comit\u00ea de Pol\u00edtica Monet\u00e1ria (Copom) do Banco Central decidiu, nesta quarta-feira (16\/06), por unanimidade, elevar a taxa b\u00e1sica da economia (Selic) em 0,75 ponto percentual, para 4,25% ao ano.\u00a0\u00a0Foi a terceira alta consecutiva na taxa b\u00e1sica e ela veio em linha com o esperado pelo mercado e com a sinaliza\u00e7\u00e3o do [&hellip;]<\/p>\n","protected":false},"author":22,"featured_media":11505,"comment_status":"open","ping_status":"closed","sticky":false,"template":"","format":"standard","meta":{"wpb_read_more":[],"footnotes":""},"categories":[600],"tags":[3,99,4,34,1304],"class_list":["post-19426","post","type-post","status-publish","format-standard","has-post-thumbnail","hentry","category-economia","tag-banco-central","tag-copom","tag-juros","tag-selic","tag-taxa-basica"],"_links":{"self":[{"href":"https:\/\/blogs2.correiobraziliense.com.br\/vicente\/wp-json\/wp\/v2\/posts\/19426","targetHints":{"allow":["GET"]}}],"collection":[{"href":"https:\/\/blogs2.correiobraziliense.com.br\/vicente\/wp-json\/wp\/v2\/posts"}],"about":[{"href":"https:\/\/blogs2.correiobraziliense.com.br\/vicente\/wp-json\/wp\/v2\/types\/post"}],"author":[{"embeddable":true,"href":"https:\/\/blogs2.correiobraziliense.com.br\/vicente\/wp-json\/wp\/v2\/users\/22"}],"replies":[{"embeddable":true,"href":"https:\/\/blogs2.correiobraziliense.com.br\/vicente\/wp-json\/wp\/v2\/comments?post=19426"}],"version-history":[{"count":8,"href":"https:\/\/blogs2.correiobraziliense.com.br\/vicente\/wp-json\/wp\/v2\/posts\/19426\/revisions"}],"predecessor-version":[{"id":19434,"href":"https:\/\/blogs2.correiobraziliense.com.br\/vicente\/wp-json\/wp\/v2\/posts\/19426\/revisions\/19434"}],"wp:featuredmedia":[{"embeddable":true,"href":"https:\/\/blogs2.correiobraziliense.com.br\/vicente\/wp-json\/wp\/v2\/media\/11505"}],"wp:attachment":[{"href":"https:\/\/blogs2.correiobraziliense.com.br\/vicente\/wp-json\/wp\/v2\/media?parent=19426"}],"wp:term":[{"taxonomy":"category","embeddable":true,"href":"https:\/\/blogs2.correiobraziliense.com.br\/vicente\/wp-json\/wp\/v2\/categories?post=19426"},{"taxonomy":"post_tag","embeddable":true,"href":"https:\/\/blogs2.correiobraziliense.com.br\/vicente\/wp-json\/wp\/v2\/tags?post=19426"}],"curies":[{"name":"wp","href":"https:\/\/api.w.org\/{rel}","templated":true}]}}