{"id":19449,"date":"2021-06-18T13:10:23","date_gmt":"2021-06-18T16:10:23","guid":{"rendered":"https:\/\/blogs2.correiobraziliense.com.br\/vicente\/?p=19449"},"modified":"2021-06-18T19:53:01","modified_gmt":"2021-06-18T22:53:01","slug":"tudo-vai-ser-construido-no-dialogo-diz-relator-da-mp-da-eletrobras-na-camara","status":"publish","type":"post","link":"https:\/\/blogs2.correiobraziliense.com.br\/vicente\/tudo-vai-ser-construido-no-dialogo-diz-relator-da-mp-da-eletrobras-na-camara\/","title":{"rendered":"&#8220;Tudo vai ser constru\u00eddo no di\u00e1logo&#8221; , diz relator da MP da Eletrobras na C\u00e2mara"},"content":{"rendered":"<h2>ROSANA HESSEL<\/h2>\n<h2><\/h2>\n<h2>O relator na C\u00e2mara dos Deputados da Medida Provis\u00f3ria 1031\/2021, que trata da privatiza\u00e7\u00e3o da Eletrobras, o deputado Elmar Nascimento (DEM-BA), pretende, &#8220;a priori&#8221;, manter o texto da proposta aprovada, ontem, pelo Senado Federal em uma vota\u00e7\u00e3o apertada, com 42 votos a favor e 37 contra. Ele confirmou que a vota\u00e7\u00e3o da mat\u00e9ria ocorrer\u00e1 na pr\u00f3xima segunda-feira (21\/06).<\/h2>\n<h2><\/h2>\n<p>&#8220;A priori, sim&#8221;, disse Nascimento ao ser questionado pelo <strong>Blog<\/strong> se manter\u00e1 o texto do senador Marcos Rog\u00e9rio da Silva Brito (DEM-RO) que foi encaminhado \u00e0 C\u00e2mara dos Deputados, onde foi aprovado no fim de maio, com v\u00e1rias modifica\u00e7\u00f5es. &#8220;Vou conversar com o Marcos Rog\u00e9rio, o governo e os l\u00edderes na C\u00e2mara.\u00a0Tudo vai ser constru\u00eddo no di\u00e1logo e em harmonia&#8221;, disse o parlamentar, acrescentando que as conversas &#8220;est\u00e3o acontecendo&#8221;, mas n\u00e3o descartou que esse di\u00e1logo poder\u00e1 se estender durante o fim de semana.<\/p>\n<p>&nbsp;<\/p>\n<p>Elmar Nascimento ainda confirmou que o presidente da C\u00e2mara, Arthur Lira (PP-AL), pretende colocar a MP da Eletrobras para ser votada pelo plen\u00e1rio da Casa na segunda-feira (21), <a href=\"https:\/\/www.correiobraziliense.com.br\/economia\/2021\/06\/4932048-eletrobras-mp-da-privatizacao-precisa-ser-votada-ate-terca-para-nao-caducar.html\">um dia antes do vencimento do prazo da medida.<\/a>\u00a0Para analistas e entidades de consumidores, o relat\u00f3rio do Senado conseguiu ficar pior do que o da C\u00e2mara, porque ampliou o n\u00famero de jabutis &#8212; emendas inclu\u00eddas ao texto que n\u00e3o est\u00e3o relacionadas ao tema da proposta principal.<\/p>\n<p>&nbsp;<\/p>\n<p>O relator convocou uma entrevista coletiva para jornalistas na segunda-feira, \u00e0s 14h30, para comentar sobre o parecer que pretende apresentar aos parlamentares no plen\u00e1rio da C\u00e2mara.\u00a0\u00a0Na primeira vota\u00e7\u00e3o a MP 1031\/2021, foi aprovada por 313 votos favor\u00e1veis a 166 contr\u00e1rios.<\/p>\n<p>&nbsp;<\/p>\n<p>A aprova\u00e7\u00e3o da MP da Eletrobras, ontem, acabou sendo bem recebida pelo mercado nesta sexta-feira (18\/06), apesar das cr\u00edticas de especialistas e de entidades de consumidores e do setor el\u00e9trico criticarem os jabutis que podem contribuir para aumento no custo da conta de luz para a popula\u00e7\u00e3o, que j\u00e1 est\u00e1 pagando uma tarifa cada vez mais alta por conta da crise h\u00eddrica. Algumas estimativas apontam aumento dos custos em at\u00e9 R$ 84 bilh\u00f5es que podem ser repassados aos consumidores, que poder\u00e3o ver a conta de luz subir em cerca de 20%.\u00a0Apesar disso, especuladores do mercado de a\u00e7\u00f5es aproveitaram para lucrar com a medida na Bolsa de Valores de S\u00e3o Paulo (B3) enquanto as bolsas internacionais registravam perdas. <a href=\"https:\/\/blogs2.correiobraziliense.com.br\/vicente\/acoes-da-eletrobras-lideram-alta-no-inicio-do-pregao-do-ibovespa\/\">As a\u00e7\u00f5es da Eletrobras abriram o preg\u00e3o da B3 em alta e lideravam as valoriza\u00e7\u00f5es do \u00cdndice Bovespa pela manh\u00e3.<\/a><\/p>\n<p>&nbsp;<\/p>\n","protected":false},"excerpt":{"rendered":"<p>ROSANA HESSEL O relator na C\u00e2mara dos Deputados da Medida Provis\u00f3ria 1031\/2021, que trata da privatiza\u00e7\u00e3o da Eletrobras, o deputado Elmar Nascimento (DEM-BA), pretende, &#8220;a priori&#8221;, manter o texto da proposta aprovada, ontem, pelo Senado Federal em uma vota\u00e7\u00e3o apertada, com 42 votos a favor e 37 contra. Ele confirmou que a vota\u00e7\u00e3o da mat\u00e9ria [&hellip;]<\/p>\n","protected":false},"author":22,"featured_media":19450,"comment_status":"open","ping_status":"closed","sticky":false,"template":"","format":"standard","meta":{"wpb_read_more":[],"footnotes":""},"categories":[600],"tags":[341,4129,5571,540,5572],"class_list":["post-19449","post","type-post","status-publish","format-standard","has-post-thumbnail","hentry","category-economia","tag-camara-dos-deputados","tag-elmar-nascimento","tag-mp-da-eletrobras","tag-privatizacao","tag-relator"],"_links":{"self":[{"href":"https:\/\/blogs2.correiobraziliense.com.br\/vicente\/wp-json\/wp\/v2\/posts\/19449","targetHints":{"allow":["GET"]}}],"collection":[{"href":"https:\/\/blogs2.correiobraziliense.com.br\/vicente\/wp-json\/wp\/v2\/posts"}],"about":[{"href":"https:\/\/blogs2.correiobraziliense.com.br\/vicente\/wp-json\/wp\/v2\/types\/post"}],"author":[{"embeddable":true,"href":"https:\/\/blogs2.correiobraziliense.com.br\/vicente\/wp-json\/wp\/v2\/users\/22"}],"replies":[{"embeddable":true,"href":"https:\/\/blogs2.correiobraziliense.com.br\/vicente\/wp-json\/wp\/v2\/comments?post=19449"}],"version-history":[{"count":4,"href":"https:\/\/blogs2.correiobraziliense.com.br\/vicente\/wp-json\/wp\/v2\/posts\/19449\/revisions"}],"predecessor-version":[{"id":19463,"href":"https:\/\/blogs2.correiobraziliense.com.br\/vicente\/wp-json\/wp\/v2\/posts\/19449\/revisions\/19463"}],"wp:featuredmedia":[{"embeddable":true,"href":"https:\/\/blogs2.correiobraziliense.com.br\/vicente\/wp-json\/wp\/v2\/media\/19450"}],"wp:attachment":[{"href":"https:\/\/blogs2.correiobraziliense.com.br\/vicente\/wp-json\/wp\/v2\/media?parent=19449"}],"wp:term":[{"taxonomy":"category","embeddable":true,"href":"https:\/\/blogs2.correiobraziliense.com.br\/vicente\/wp-json\/wp\/v2\/categories?post=19449"},{"taxonomy":"post_tag","embeddable":true,"href":"https:\/\/blogs2.correiobraziliense.com.br\/vicente\/wp-json\/wp\/v2\/tags?post=19449"}],"curies":[{"name":"wp","href":"https:\/\/api.w.org\/{rel}","templated":true}]}}