{"id":195,"date":"2015-09-17T00:10:00","date_gmt":"2015-09-17T03:10:00","guid":{"rendered":"https:\/\/blogs2.correiobraziliense.com.br\/vicente\/show_de_horrores\/"},"modified":"2015-09-17T00:10:00","modified_gmt":"2015-09-17T03:10:00","slug":"show_de_horrores","status":"publish","type":"post","link":"https:\/\/blogs2.correiobraziliense.com.br\/vicente\/show_de_horrores\/","title":{"rendered":"SHOW DE HORRORES"},"content":{"rendered":"\n<p>O terceiro trimestre ainda n\u00e3o fechou, mas a maior parte dos analistas garante que os dados colhidos at\u00e9 agora s\u00e3o estarrecedores. Se algu\u00e9m ficou assustado com a queda de 1,9% do Produto Interno Bruto (PIB) entre abril e junho, ficar\u00e1 horrorizado com o resultado que est\u00e1 por vir. As proje\u00e7\u00f5es apontam para recuo entre 2% e 2,5% ante o trimestre imediatamente anterior e entre 4,2% e 4,8% quando comparado a julho e setembro de 2014. Essas proje\u00e7\u00f5es mostram que, em vez de estancar a sangria, o pa\u00eds acelerou a recess\u00e3o.   <\/p>\n<p>Historicamente, o terceiro trimestre costuma ser o melhor per\u00edodo para a ind\u00fastria. \u00c9 quando as m\u00e1quinas trabalham a pleno vapor para abastecer o com\u00e9rcio que tem, nos tr\u00eas \u00faltimos meses do ano, o auge das vendas. Mas, em vez de acelerarem o ritmo de trabalho, as f\u00e1bricas est\u00e3o desligando os motores e, pior, demitindo. Os estoque se mant\u00eam elevad\u00edssimos e como n\u00e3o h\u00e1 perspectivas de fortes encomendas nos pr\u00f3ximos meses, mesmo com o Natal batendo \u00e0 porta, as empresas n\u00e3o querem se arriscar. Aumentar a produ\u00e7\u00e3o hoje significa preju\u00edzo na certa.   <\/p>\n<p>O quadro \u00e9 t\u00e3o preocupante que, em vez de contratar tempor\u00e1rios para refor\u00e7ar o quadro de pessoal, rotina comum a partir de setembro, quando as vendas come\u00e7am a esquentar, o varejo est\u00e1 demitindo. Por isso, est\u00e3o crescendo as apostas de que, em vez do primeiro trimestre de 2016, o desemprego chegar\u00e1 aos 10% nas principais regi\u00f5es metropolitanas do pa\u00eds j\u00e1 em dezembro.   <\/p>\n<p>A gota d\u2019\u00e1gua para refor\u00e7ar o pessimismo em rela\u00e7\u00e3o ao terceiro trimestre foi o resultado do varejo em julho, com retra\u00e7\u00e3o de 1%, o pior resultado para o m\u00eas em 15 anos. Diante desse desempenho, a Confedera\u00e7\u00e3o Nacional do Com\u00e9rcio (CNC) ampliou a previs\u00e3o de queda para o setor neste ano, de 2,4% para 2,9% \u2014 ser\u00e1 o primeiro recuo em mais de uma d\u00e9cada.   <\/p>\n<p>O que mais incomoda os varejistas \u00e9 que n\u00e3o h\u00e1 perspectiva de recupera\u00e7\u00e3o t\u00e3o cedo. Tudo indica que 2016 ser\u00e1 t\u00e3o ruim quanto este ano, pois pegar\u00e1 toda a onda de desemprego e de calote. A renda real dos trabalhadores deve fechar 2015 em queda, voltando aos n\u00edveis de 2010, quando o pa\u00eds elegeu Dilma Rousseff para a presid\u00eancia da Rep\u00fablica. A massa salarial tombar\u00e1 quase 7% no acumulado deste ano e do pr\u00f3ximo, eliminando qualquer perspectiva de aumento do consumo.&nbsp;<b>Pol\u00edtica err\u00e1tica<\/b>&nbsp;Nem mesmo o mais otimista dos integrantes da equipe econ\u00f4mica chefiada pelo ministro da Fazenda, Joaquim Levy, v\u00ea possibilidade de um quadro menos dram\u00e1tico. E boa parte dos t\u00e9cnicos culpa o governo pela intensifica\u00e7\u00e3o da queda do PIB. Nos corredores do minist\u00e9rio \u00e9 comum ouvir queixas sobre a forma como a presidente Dilma vem conduzindo o pa\u00eds, seja insistindo na maluquice da nova matriz econ\u00f4mica no primeiro mandato, seja no vaiv\u00e9m de decis\u00f5es na \u00e1rea fiscal neste ano.   <\/p>\n<p>\u201cO certo \u00e9 que o governo produziu o Natal do desemprego e o ano-novo do calote\u201d, afirma um auxiliar de Levy. Agora, reconhece ele, o governo precisa correr para conseguir apoio no sentido do aprovar o pacote de quase R$ 65 bilh\u00f5es anunciado na \u00faltima segunda-feira. Se fracassar nessa empreitada, em vez de 3%, o PIB deste ano poder\u00e1 encolher entre 3,5% e 4% e, em 2016, tombar mais de 2%, o que far\u00e1 com que, na m\u00e9dia de todo o mandato de Dilma, o resultado da economia seja negativo.   <\/p>\n<p>O Pal\u00e1cio do Planalto, por\u00e9m, parece alheio ao show de horrores que est\u00e1 sendo gestado. Continua com uma pol\u00edtica err\u00e1tica na rela\u00e7\u00e3o com o Congresso, do qual depende quase todo o pacote fiscal de 2016, e minando a \u00faltima ponte que resta com o empresariado. N\u00e3o \u00e9 s\u00f3. Ao defender a CPMF, Joaquim Levy tem criado mais animosidade do que consenso. Pegou muito mal o discurso dele de que o imposto que Dilma quer ressuscitar \u00e9 \u201cpequenininho\u201d e ningu\u00e9m vai sentir ao pagar a al\u00edquota de 0,2%.   <\/p>\n<p>Seria bom se o governo come\u00e7asse a dar um pouco de esperan\u00e7a em meio a tantas not\u00edcias ruins. Mas, diante de tudo o que se viu nesses nove primeiros meses do segundo mandato de Dilma, parece ser pedir demais. A capacidade de destrui\u00e7\u00e3o da petista vai muito al\u00e9m da nossa imagina\u00e7\u00e3o.  <b><\/b> <\/p>\n<p><b>Menos, Dilma<\/b>&nbsp;\u00bb A presidente Dilma n\u00e3o perde a chance de distorcer as informa\u00e7\u00f5es para tentar diminuir seus erros. Ontem, em discurso a uma r\u00e1dio, disse que Estados Unidos foram rebaixados, mas voltaram a crescer logo depois. Sim, foram rebaixados, mas n\u00e3o perderam o grau de investimento, como o Brasil.&nbsp;<b>BNDES fecha as torneiras<\/b>&nbsp;\u00bb Depois de anos de dinheiro farto e crit\u00e9rios frouxos para a concess\u00e3o de empr\u00e9stimos, o Banco Nacional de Desenvolvimento Econ\u00f4mico e Social (BNDES) resolveu fechar a torneira drasticamente. Nem mesmo empr\u00e9stimos j\u00e1 aprovados est\u00e3o saindo. A institui\u00e7\u00e3o est\u00e1 criando uma s\u00e9rie de empecilhos t\u00e9cnicos e burocr\u00e1ticos para liberar os recursos. Empres\u00e1rios que contavam com esse dinheiro nesses tempos de economia andando para tr\u00e1s, est\u00e3o de cabelo em p\u00e9.&nbsp;<b>Brasil no Canad\u00e1<\/b>&nbsp;\u00bb O cientista pol\u00edtico Thiago de Arag\u00e3o, s\u00f3cio da consultoria Arko Advice, falar\u00e1 amanh\u00e3 sobre o Brasil a um grupo exclusivo de grandes investidores canadenses. Ele ser\u00e1 o \u00fanico brasileiro presente ao F\u00f3rum Global de Neg\u00f3cios, que discutir\u00e1 mudan\u00e7as nas rela\u00e7\u00f5es econ\u00f4micas e sociais dos Brics, em Banff, Alberta, Canad\u00e1. Seu tema \u00e9 \u201cAmbiente Pol\u00edtico no Brasil e Suas Perspectivas\u201d.   <\/p>\n<p><i>Bras\u00edlia, 00h10min<\/i>   <\/p>\n","protected":false},"excerpt":{"rendered":"<p>O terceiro trimestre ainda n\u00e3o fechou, mas a maior parte dos analistas garante que os dados colhidos at\u00e9 agora s\u00e3o estarrecedores. Se algu\u00e9m ficou assustado com a queda de 1,9% do Produto Interno Bruto (PIB) entre abril e junho, ficar\u00e1 horrorizado com o resultado que est\u00e1 por vir. As proje\u00e7\u00f5es apontam para recuo entre 2% [&hellip;]<\/p>\n","protected":false},"author":22,"featured_media":0,"comment_status":"open","ping_status":"open","sticky":false,"template":"","format":"standard","meta":{"wpb_read_more":[],"footnotes":""},"categories":[1],"tags":[],"class_list":["post-195","post","type-post","status-publish","format-standard","hentry","category-sem-categoria"],"_links":{"self":[{"href":"https:\/\/blogs2.correiobraziliense.com.br\/vicente\/wp-json\/wp\/v2\/posts\/195","targetHints":{"allow":["GET"]}}],"collection":[{"href":"https:\/\/blogs2.correiobraziliense.com.br\/vicente\/wp-json\/wp\/v2\/posts"}],"about":[{"href":"https:\/\/blogs2.correiobraziliense.com.br\/vicente\/wp-json\/wp\/v2\/types\/post"}],"author":[{"embeddable":true,"href":"https:\/\/blogs2.correiobraziliense.com.br\/vicente\/wp-json\/wp\/v2\/users\/22"}],"replies":[{"embeddable":true,"href":"https:\/\/blogs2.correiobraziliense.com.br\/vicente\/wp-json\/wp\/v2\/comments?post=195"}],"version-history":[{"count":0,"href":"https:\/\/blogs2.correiobraziliense.com.br\/vicente\/wp-json\/wp\/v2\/posts\/195\/revisions"}],"wp:attachment":[{"href":"https:\/\/blogs2.correiobraziliense.com.br\/vicente\/wp-json\/wp\/v2\/media?parent=195"}],"wp:term":[{"taxonomy":"category","embeddable":true,"href":"https:\/\/blogs2.correiobraziliense.com.br\/vicente\/wp-json\/wp\/v2\/categories?post=195"},{"taxonomy":"post_tag","embeddable":true,"href":"https:\/\/blogs2.correiobraziliense.com.br\/vicente\/wp-json\/wp\/v2\/tags?post=195"}],"curies":[{"name":"wp","href":"https:\/\/api.w.org\/{rel}","templated":true}]}}