{"id":19505,"date":"2021-06-24T18:40:53","date_gmt":"2021-06-24T21:40:53","guid":{"rendered":"https:\/\/blogs2.correiobraziliense.com.br\/vicente\/?p=19505"},"modified":"2021-06-24T19:02:29","modified_gmt":"2021-06-24T22:02:29","slug":"cmn-fixa-em-300-a-meta-para-a-inflacao-em-2024","status":"publish","type":"post","link":"https:\/\/blogs2.correiobraziliense.com.br\/vicente\/cmn-fixa-em-300-a-meta-para-a-inflacao-em-2024\/","title":{"rendered":"CMN fixa em 3% a meta de infla\u00e7\u00e3o de 2024 e mant\u00e9m as atuais"},"content":{"rendered":"<h2>ROSANA HESSEL<\/h2>\n<h2>O Conselho Monet\u00e1rio Nacional (CMN) fixou, em reuni\u00e3o ordin\u00e1ria realizada nesta quinta-feira (24\/06),\u00a0 em 3% a meta para a infla\u00e7\u00e3o oficial em 2024, medida pelo \u00cdndice de Pre\u00e7os ao Consumidor Amplo (IPCA), dando sequ\u00eancia ao compromisso de objetivos cadentes.<\/h2>\n<p>&nbsp;<\/p>\n<p>A margem de toler\u00e2ncia continua sendo de 1,5 ponto percentual, para mais ou para menos, o que permite um teto de 4,5% e um piso de 1,5% para o IPCA. As metas de infla\u00e7\u00e3o atuais foram mantidas, sendo 3,75%, para 2021; 3,50%, para 2022; e 3,25%, para 2023, conforme comunicado conjunto do Minist\u00e9rio da Economia e do Banco Central.<\/p>\n<p>&nbsp;<\/p>\n<p>O CMN \u00e9 um \u00f3rg\u00e3o colegiado presidido pelo ministro da Economia, Paulo Guedes, e composto pelo presidente do Banco Central do Brasil, Roberto Campos, e pelo secret\u00e1rio Especial de Fazenda do Minist\u00e9rio da Economia, Bruno Funchal.<\/p>\n<p>&nbsp;<\/p>\n<p>&#8220;A redu\u00e7\u00e3o em 0,25 ponto percentual na compara\u00e7\u00e3o com a meta de 2023 \u00e9 coerente com a elevada credibilidade da pol\u00edtica monet\u00e1ria. A expectativa de infla\u00e7\u00e3o futura, projetada no Boletim Focus, mostrou-se ancorada \u00e0 trajet\u00f3ria de redu\u00e7\u00f5es da meta anteriores, e a vari\u00e2ncia das expectativas de infla\u00e7\u00e3o tem ca\u00eddo substancialmente com as redu\u00e7\u00f5es da meta. Tais evid\u00eancias revelam que a pol\u00edtica monet\u00e1ria e as metas s\u00e3o cr\u00edveis, o que elimina os poss\u00edveis custos de redu\u00e7\u00e3o de seus percentuais&#8221;, informou a nota oficial Minist\u00e9rio da Economia sobre a decis\u00e3o do CMN.<\/p>\n<p>&nbsp;<\/p>\n","protected":false},"excerpt":{"rendered":"<p>ROSANA HESSEL O Conselho Monet\u00e1rio Nacional (CMN) fixou, em reuni\u00e3o ordin\u00e1ria realizada nesta quinta-feira (24\/06),\u00a0 em 3% a meta para a infla\u00e7\u00e3o oficial em 2024, medida pelo \u00cdndice de Pre\u00e7os ao Consumidor Amplo (IPCA), dando sequ\u00eancia ao compromisso de objetivos cadentes. &nbsp; A margem de toler\u00e2ncia continua sendo de 1,5 ponto percentual, para mais ou [&hellip;]<\/p>\n","protected":false},"author":22,"featured_media":17184,"comment_status":"open","ping_status":"closed","sticky":false,"template":"","format":"standard","meta":{"wpb_read_more":[],"footnotes":""},"categories":[600],"tags":[3,2159,488,3666],"class_list":["post-19505","post","type-post","status-publish","format-standard","has-post-thumbnail","hentry","category-economia","tag-banco-central","tag-cmn","tag-meta-de-inflacao","tag-ministerio-da-economia"],"_links":{"self":[{"href":"https:\/\/blogs2.correiobraziliense.com.br\/vicente\/wp-json\/wp\/v2\/posts\/19505","targetHints":{"allow":["GET"]}}],"collection":[{"href":"https:\/\/blogs2.correiobraziliense.com.br\/vicente\/wp-json\/wp\/v2\/posts"}],"about":[{"href":"https:\/\/blogs2.correiobraziliense.com.br\/vicente\/wp-json\/wp\/v2\/types\/post"}],"author":[{"embeddable":true,"href":"https:\/\/blogs2.correiobraziliense.com.br\/vicente\/wp-json\/wp\/v2\/users\/22"}],"replies":[{"embeddable":true,"href":"https:\/\/blogs2.correiobraziliense.com.br\/vicente\/wp-json\/wp\/v2\/comments?post=19505"}],"version-history":[{"count":3,"href":"https:\/\/blogs2.correiobraziliense.com.br\/vicente\/wp-json\/wp\/v2\/posts\/19505\/revisions"}],"predecessor-version":[{"id":19508,"href":"https:\/\/blogs2.correiobraziliense.com.br\/vicente\/wp-json\/wp\/v2\/posts\/19505\/revisions\/19508"}],"wp:featuredmedia":[{"embeddable":true,"href":"https:\/\/blogs2.correiobraziliense.com.br\/vicente\/wp-json\/wp\/v2\/media\/17184"}],"wp:attachment":[{"href":"https:\/\/blogs2.correiobraziliense.com.br\/vicente\/wp-json\/wp\/v2\/media?parent=19505"}],"wp:term":[{"taxonomy":"category","embeddable":true,"href":"https:\/\/blogs2.correiobraziliense.com.br\/vicente\/wp-json\/wp\/v2\/categories?post=19505"},{"taxonomy":"post_tag","embeddable":true,"href":"https:\/\/blogs2.correiobraziliense.com.br\/vicente\/wp-json\/wp\/v2\/tags?post=19505"}],"curies":[{"name":"wp","href":"https:\/\/api.w.org\/{rel}","templated":true}]}}