{"id":19519,"date":"2021-06-25T10:00:20","date_gmt":"2021-06-25T13:00:20","guid":{"rendered":"https:\/\/blogs2.correiobraziliense.com.br\/vicente\/?p=19519"},"modified":"2021-06-25T10:00:20","modified_gmt":"2021-06-25T13:00:20","slug":"cni-confianca-do-empresario-da-construcao-civil-melhora-em-junho","status":"publish","type":"post","link":"https:\/\/blogs2.correiobraziliense.com.br\/vicente\/cni-confianca-do-empresario-da-construcao-civil-melhora-em-junho\/","title":{"rendered":"CNI: Confian\u00e7a do empres\u00e1rio da constru\u00e7\u00e3o civil melhora em junho"},"content":{"rendered":"<h2>ROSANA HESSEL<\/h2>\n<h2><\/h2>\n<h2>O \u00cdndice de Confian\u00e7a do Empres\u00e1rio da Ind\u00fastria da Constru\u00e7\u00e3o (ICEI-Constru\u00e7\u00e3o), medido pela Confedera\u00e7\u00e3o Nacional da Ind\u00fastria (CNI),cresceu 2,9 pontos em junho, alcan\u00e7ado 58,9 pontos, conforme dados divulgados pela entidade nesta sexta-feira (25\/06).\u00a0Esse \u00e9 o segundo aumento consecutivo do indicador, revertendo a maior parte da queda de confian\u00e7a registrada desde o in\u00edcio de 2021 at\u00e9 abril, conforme dados da entidade.<\/h2>\n<h2><\/h2>\n<p>O \u00edndice varia de 0 a 100 e dados acima da linha de corte de 50 pontos indicam que os empres\u00e1rios est\u00e3o confiantes. O resultado atual, segundo a CNI, mostra que a confian\u00e7a est\u00e1 se tornando mais forte e disseminada, mas o emprego no setor continua fraco.<\/p>\n<p>&nbsp;<\/p>\n<p>A Utiliza\u00e7\u00e3o da Capacidade Operacional (UCO) manteve-se est\u00e1vel em 63%. Segundo a entidade, o indicador contrasta com o n\u00edvel observado em maio de 2020, quando o setor sentia os efeitos da crise econ\u00f4mica causada pelo surgimento da pandemia da covid-19 no Brasil. Naquele m\u00eas a UCO foi de 53%.<\/p>\n<p>&nbsp;<\/p>\n<p>Os n\u00edveis de atividade e emprego do setor, entretanto, apresentam queda, embora em um ritmo inferior \u00e0s dos cinco meses anteriores. O \u00edndice de evolu\u00e7\u00e3o do n\u00edvel de atividade da Ind\u00fastria da Constru\u00e7\u00e3o foi de 48,4 pontos em maio. Por situar-se abaixo da linha divis\u00f3ria de 50 pontos, sinaliza queda na atividade com rela\u00e7\u00e3o ao m\u00eas anterior. Em abril, o indicador estava em 46,5 pontos. O \u00edndice de evolu\u00e7\u00e3o do emprego ficou em 48,2 pontos, indicando queda com rela\u00e7\u00e3o ao m\u00eas anterior. \u00c9 o sexto m\u00eas consecutivo de queda.<\/p>\n<p>&nbsp;<\/p>\n","protected":false},"excerpt":{"rendered":"<p>ROSANA HESSEL O \u00cdndice de Confian\u00e7a do Empres\u00e1rio da Ind\u00fastria da Constru\u00e7\u00e3o (ICEI-Constru\u00e7\u00e3o), medido pela Confedera\u00e7\u00e3o Nacional da Ind\u00fastria (CNI),cresceu 2,9 pontos em junho, alcan\u00e7ado 58,9 pontos, conforme dados divulgados pela entidade nesta sexta-feira (25\/06).\u00a0Esse \u00e9 o segundo aumento consecutivo do indicador, revertendo a maior parte da queda de confian\u00e7a registrada desde o in\u00edcio de [&hellip;]<\/p>\n","protected":false},"author":22,"featured_media":16370,"comment_status":"open","ping_status":"closed","sticky":false,"template":"","format":"standard","meta":{"wpb_read_more":[],"footnotes":""},"categories":[600],"tags":[706,5574,257,5575,465],"class_list":["post-19519","post","type-post","status-publish","format-standard","has-post-thumbnail","hentry","category-economia","tag-cni","tag-confianca-do-empresario","tag-construcao-civil","tag-icei","tag-pesquisa"],"_links":{"self":[{"href":"https:\/\/blogs2.correiobraziliense.com.br\/vicente\/wp-json\/wp\/v2\/posts\/19519","targetHints":{"allow":["GET"]}}],"collection":[{"href":"https:\/\/blogs2.correiobraziliense.com.br\/vicente\/wp-json\/wp\/v2\/posts"}],"about":[{"href":"https:\/\/blogs2.correiobraziliense.com.br\/vicente\/wp-json\/wp\/v2\/types\/post"}],"author":[{"embeddable":true,"href":"https:\/\/blogs2.correiobraziliense.com.br\/vicente\/wp-json\/wp\/v2\/users\/22"}],"replies":[{"embeddable":true,"href":"https:\/\/blogs2.correiobraziliense.com.br\/vicente\/wp-json\/wp\/v2\/comments?post=19519"}],"version-history":[{"count":1,"href":"https:\/\/blogs2.correiobraziliense.com.br\/vicente\/wp-json\/wp\/v2\/posts\/19519\/revisions"}],"predecessor-version":[{"id":19520,"href":"https:\/\/blogs2.correiobraziliense.com.br\/vicente\/wp-json\/wp\/v2\/posts\/19519\/revisions\/19520"}],"wp:featuredmedia":[{"embeddable":true,"href":"https:\/\/blogs2.correiobraziliense.com.br\/vicente\/wp-json\/wp\/v2\/media\/16370"}],"wp:attachment":[{"href":"https:\/\/blogs2.correiobraziliense.com.br\/vicente\/wp-json\/wp\/v2\/media?parent=19519"}],"wp:term":[{"taxonomy":"category","embeddable":true,"href":"https:\/\/blogs2.correiobraziliense.com.br\/vicente\/wp-json\/wp\/v2\/categories?post=19519"},{"taxonomy":"post_tag","embeddable":true,"href":"https:\/\/blogs2.correiobraziliense.com.br\/vicente\/wp-json\/wp\/v2\/tags?post=19519"}],"curies":[{"name":"wp","href":"https:\/\/api.w.org\/{rel}","templated":true}]}}