{"id":19592,"date":"2021-06-29T12:07:53","date_gmt":"2021-06-29T15:07:53","guid":{"rendered":"https:\/\/blogs2.correiobraziliense.com.br\/vicente\/?p=19592"},"modified":"2021-06-29T12:10:27","modified_gmt":"2021-06-29T15:10:27","slug":"inflacao-do-aluguel-desacelera-mas-continua-acima-de-35-em-12-meses","status":"publish","type":"post","link":"https:\/\/blogs2.correiobraziliense.com.br\/vicente\/inflacao-do-aluguel-desacelera-mas-continua-acima-de-35-em-12-meses\/","title":{"rendered":"Infla\u00e7\u00e3o do aluguel desacelera, mas continua acima de 35% em 12 meses"},"content":{"rendered":"<h2>ROSANA HESSEL<\/h2>\n<h2><span style=\"font-weight: 400\">O \u00cdndice Geral de Pre\u00e7os \u2013 Mercado (IGP-M), indicador utilizado para a corre\u00e7\u00e3o do aluguel, registrou alta de 0,60% no m\u00eas de junho, conforme dados divulgados pelo Instituto Brasileiro de Economia da Funda\u00e7\u00e3o Getulio Vargas (FGV Ibre), a menor varia\u00e7\u00e3o desde maio de 2020, de 0,28%.<\/span><\/h2>\n<p>&nbsp;<\/p>\n<p><span style=\"font-weight: 400\">Com esse resultado, o IGP-M apresentou desacelera\u00e7\u00e3o em rela\u00e7\u00e3o ao avan\u00e7o de 4,10% contabilizado em abril. Essa constata\u00e7\u00e3o agradou analistas mais otimistas com a perspectiva da infla\u00e7\u00e3o, mas n\u00e3o afasta a preocupa\u00e7\u00e3o de uma infla\u00e7\u00e3o mais forte neste ano do que em 2020, puxada, principalmente, pelo aumento dos pre\u00e7os das commodities no mercado internacional.<\/span><\/p>\n<p>&nbsp;<\/p>\n<p><span style=\"font-weight: 400\">No ano, a alta acumulada ficou em 15,08% e, em 12 meses at\u00e9 junho, registra um salto de 35,75%. Este percentual, apesar de ser inferior ao pico de maio, de 37,04%,\u00a0 \u00e9 quase cinco vezes superior \u00e0 alta de 7,31% acumulada at\u00e9 junho de 2020, quando o indicador havia registrado eleva\u00e7\u00e3o de 1,56%, no auge da primeira onda da pandemia da covid-19.\u00a0<\/span><\/p>\n<p>&nbsp;<\/p>\n<p>Na avalia\u00e7\u00e3o do economista do FGV Ibre Andr\u00e9 Braz, coordenador dos \u00cdndices de Pre\u00e7os, essa desacelera\u00e7\u00e3o em junho deve-se \u00e0s quedas nos pre\u00e7os das principais commodities, tanto agr\u00edcola quanto minerais, que apresentam recuo no mercado internacional, e essa tend\u00eancia \u00e9 sustentada pela desvaloriza\u00e7\u00e3o recente do d\u00f3lar. Ele citou os recuos nos pre\u00e7os da soja, do milho e do min\u00e9rio de ferro como principais destaques de junho e refor\u00e7ou que a tend\u00eancia \u00e9 que esse efeito dever\u00e1 perdurar durante o segundo semestre de 2021.<\/p>\n<p>&nbsp;<\/p>\n<p>&#8220;A valoriza\u00e7\u00e3o do real deve permanecer, mas n\u00e3o na magnitude do ano passado, mas o d\u00f3lar dever\u00e1 manter um patamar em torno de R$ 5, evitando maiores repasses para o IGP-M&#8221;, apostou Braz. &#8220;O bom comportamento dos pre\u00e7os das commodities internacionais deve ser mantido e deve contribuir para o IGP-M em patamares mais baixos do que no segundo semestre de 2020&#8221;, afirmou. Segundo ele, a desacelera\u00e7\u00e3o do indicador na taxa acumulada em 12 meses dever\u00e1 manter o ritmo de desacelera\u00e7\u00e3o.<\/p>\n<p>&nbsp;<\/p>\n<p>Conforme os dados do IGP-M, o grupo das mat\u00e9rias-primas brutas ajudou o \u00cdndice de Pre\u00e7os ao Produtor Amplo (IPA) desacelerar de 5,23%, em maio, para 0,42% em junho, pois apresentou recuo de 1,28% ante a alta de 10,15% no m\u00eas passado.\u00a0<span style=\"font-weight: 400\">Contribu\u00edram\u00a0<\/span><span style=\"font-weight: 400\">para o recuo da taxa do grupo os seguintes itens: min\u00e9rio de ferro (20,64% para -3,04%), soja em gr\u00e3o\u00a0<\/span><span style=\"font-weight: 400\">(3,74% para -4,71%) e milho em gr\u00e3o (10,48% para -5,50%).\u00a0<\/span><span style=\"font-weight: 400\">Outra contribui\u00e7\u00e3o para este resultado partiu do subgrupo a<\/span><span style=\"font-weight: 400\">limentos processados, cuja taxa passou de 2,98% para 2,45%, no mesmo per\u00edodo de compara\u00e7\u00e3o.<\/span><\/p>\n<p>&nbsp;<\/p>\n<p>O \u00cdndice de Pre\u00e7os ao Consumidor (IPC) apresentou varia\u00e7\u00e3o positiva de 0,57% em junho na compara\u00e7\u00e3o com maio, quando registrou alta de 0,61%, puxado por queda cinco dos oito classes de despesa pesquisadas. Em contrapartida, transportes, despesas diversas e alimenta\u00e7\u00e3o apresentaram altas de 1,43%, 0,29% e 0,31%, respectivamente.<\/p>\n<p>&nbsp;<\/p>\n<p>&nbsp;<\/p>\n<p><span style=\"font-weight: 400\">Outro \u00edndice que comp\u00f5e o c\u00e1lculo do IGP-M, o\u00a0 \u00cdndice Nacional de Custo da Constru\u00e7\u00e3o (INCC) subiu 2,30% em junho, ante 1,80% no m\u00eas anterior,\u00a0<\/span><span style=\"font-weight: 400\">segundo os dados do FGV Ibre.\u00a0<\/span><span style=\"font-weight: 400\">Os tr\u00eas grupos componentes do INCC registraram as seguintes varia\u00e7\u00f5es na passagem de maio para\u00a0<\/span><span style=\"font-weight: 400\">junho: materiais e equipamentos (2,93% para 1,75%), servi\u00e7os (0,95% para 1,19%) e m\u00e3o de obra\u00a0<\/span><span style=\"font-weight: 400\">(0,99% para 2,98%).<\/span><\/p>\n<p>&nbsp;<\/p>\n<p><span style=\"font-weight: 400\">Para o c\u00e1lculo do IGP-M foram comparados os pre\u00e7os coletados no per\u00edodo de 21 de maio de 2021 a 20 de junho de 2021\u00a0<\/span><span style=\"font-weight: 400\">(per\u00edodo de refer\u00eancia) com os pre\u00e7os coletados do per\u00edodo de 21 de abril de 2021 a 20 de maio de 2021 (per\u00edodo base).<\/span><\/p>\n<p>&nbsp;<\/p>\n<p>O economista-chefe da Necton Investimentos, Andr\u00e9 Perfeito, destacou que o resultado do\u00a0<span style=\"font-weight: 400\">IGP-M de junho ficou abaixo da mediana das proje\u00e7\u00f5es, que era de 1%. &#8220;<\/span><span style=\"font-weight: 400\">Esta \u00e9 uma boa not\u00edcia no dia que devemos ver aumento na bandeira vermelha da energia el\u00e9trica e pode reverter em parte o mal humor na curva de juros.\u00a0<\/span><span style=\"font-weight: 400\">Contudo devemos lembrar que o IGP-M est\u00e1 rodando em 12 meses em nada menos que 35,75% e o IPA com alta de 47,53%&#8221;, afirmou. <\/span><\/p>\n<p>&nbsp;<\/p>\n<p><span style=\"font-weight: 400\">Por conta disso, o analista aposta em uma alta mais forte na taxa b\u00e1sica de juros (Selic) na pr\u00f3xima reuni\u00e3o do Comit\u00ea de Pol\u00edtica Monet\u00e1ria (Copom), do Banco Central, em agosto. &#8220;M<\/span><span style=\"font-weight: 400\">antemos nossa proje\u00e7\u00e3o de alta de 1,0 ponto percentual na Selic na pr\u00f3xima reuni\u00e3o do Copom e projetamos que a taxa b\u00e1sica v\u00e1 a 6,5%&#8221;, escreveu Perfeito em nota divulgada ao mercado hoje. Para ele,\u00a0<\/span><span style=\"font-weight: 400\">mesmo que venha uma alta relevante de energia el\u00e9trica a partir do pr\u00f3ximo m\u00eas com a corre\u00e7\u00e3o da bandeira tarif\u00e1ria, provavelmente, o Banco Central vai trabalhar a quest\u00e3o &#8220;como um choque tempor\u00e1rio&#8221;.\u00a0<\/span><\/p>\n<p>&nbsp;<\/p>\n","protected":false},"excerpt":{"rendered":"<p>ROSANA HESSEL O \u00cdndice Geral de Pre\u00e7os \u2013 Mercado (IGP-M), indicador utilizado para a corre\u00e7\u00e3o do aluguel, registrou alta de 0,60% no m\u00eas de junho, conforme dados divulgados pelo Instituto Brasileiro de Economia da Funda\u00e7\u00e3o Getulio Vargas (FGV Ibre), a menor varia\u00e7\u00e3o desde maio de 2020, de 0,28%. &nbsp; Com esse resultado, o IGP-M apresentou [&hellip;]<\/p>\n","protected":false},"author":22,"featured_media":18844,"comment_status":"open","ping_status":"closed","sticky":false,"template":"","format":"standard","meta":{"wpb_read_more":[],"footnotes":""},"categories":[600],"tags":[5569,343,4983,4985,5570,390],"class_list":["post-19592","post","type-post","status-publish","format-standard","has-post-thumbnail","hentry","category-economia","tag-commodities","tag-dolar","tag-fgv-ibre","tag-igp-m","tag-inflacao-do-aluguel","tag-precos"],"_links":{"self":[{"href":"https:\/\/blogs2.correiobraziliense.com.br\/vicente\/wp-json\/wp\/v2\/posts\/19592","targetHints":{"allow":["GET"]}}],"collection":[{"href":"https:\/\/blogs2.correiobraziliense.com.br\/vicente\/wp-json\/wp\/v2\/posts"}],"about":[{"href":"https:\/\/blogs2.correiobraziliense.com.br\/vicente\/wp-json\/wp\/v2\/types\/post"}],"author":[{"embeddable":true,"href":"https:\/\/blogs2.correiobraziliense.com.br\/vicente\/wp-json\/wp\/v2\/users\/22"}],"replies":[{"embeddable":true,"href":"https:\/\/blogs2.correiobraziliense.com.br\/vicente\/wp-json\/wp\/v2\/comments?post=19592"}],"version-history":[{"count":2,"href":"https:\/\/blogs2.correiobraziliense.com.br\/vicente\/wp-json\/wp\/v2\/posts\/19592\/revisions"}],"predecessor-version":[{"id":19594,"href":"https:\/\/blogs2.correiobraziliense.com.br\/vicente\/wp-json\/wp\/v2\/posts\/19592\/revisions\/19594"}],"wp:featuredmedia":[{"embeddable":true,"href":"https:\/\/blogs2.correiobraziliense.com.br\/vicente\/wp-json\/wp\/v2\/media\/18844"}],"wp:attachment":[{"href":"https:\/\/blogs2.correiobraziliense.com.br\/vicente\/wp-json\/wp\/v2\/media?parent=19592"}],"wp:term":[{"taxonomy":"category","embeddable":true,"href":"https:\/\/blogs2.correiobraziliense.com.br\/vicente\/wp-json\/wp\/v2\/categories?post=19592"},{"taxonomy":"post_tag","embeddable":true,"href":"https:\/\/blogs2.correiobraziliense.com.br\/vicente\/wp-json\/wp\/v2\/tags?post=19592"}],"curies":[{"name":"wp","href":"https:\/\/api.w.org\/{rel}","templated":true}]}}