{"id":196,"date":"2015-09-17T07:01:00","date_gmt":"2015-09-17T10:01:00","guid":{"rendered":"https:\/\/blogs2.correiobraziliense.com.br\/vicente\/tensao_no_bc\/"},"modified":"2015-09-17T07:01:00","modified_gmt":"2015-09-17T10:01:00","slug":"tensao_no_bc","status":"publish","type":"post","link":"https:\/\/blogs2.correiobraziliense.com.br\/vicente\/tensao_no_bc\/","title":{"rendered":"TENS\u00c3O NO BC"},"content":{"rendered":"<p>&nbsp;\u00bb  Est\u00e1 pesado o clima no Banco Central. H\u00e1 um sentimento de trai\u00e7\u00e3o que  tem como origem o Pal\u00e1cio do Planalto. Auxiliares de Alexandre Tombini  dizem que est\u00e3o tentando desestabiliz\u00e1-lo com os constantes boatos de  que ele estaria pronto para pedir demiss\u00e3o. <\/p>\n<p><i>Bras\u00edlia, 07h01min<\/i>   <\/p>\n","protected":false},"excerpt":{"rendered":"<p>&nbsp;\u00bb Est\u00e1 pesado o clima no Banco Central. H\u00e1 um sentimento de trai\u00e7\u00e3o que tem como origem o Pal\u00e1cio do Planalto. Auxiliares de Alexandre Tombini dizem que est\u00e3o tentando desestabiliz\u00e1-lo com os constantes boatos de que ele estaria pronto para pedir demiss\u00e3o. Bras\u00edlia, 07h01min<\/p>\n","protected":false},"author":22,"featured_media":0,"comment_status":"open","ping_status":"open","sticky":false,"template":"","format":"standard","meta":{"wpb_read_more":[],"footnotes":""},"categories":[1],"tags":[],"class_list":["post-196","post","type-post","status-publish","format-standard","hentry","category-sem-categoria"],"_links":{"self":[{"href":"https:\/\/blogs2.correiobraziliense.com.br\/vicente\/wp-json\/wp\/v2\/posts\/196","targetHints":{"allow":["GET"]}}],"collection":[{"href":"https:\/\/blogs2.correiobraziliense.com.br\/vicente\/wp-json\/wp\/v2\/posts"}],"about":[{"href":"https:\/\/blogs2.correiobraziliense.com.br\/vicente\/wp-json\/wp\/v2\/types\/post"}],"author":[{"embeddable":true,"href":"https:\/\/blogs2.correiobraziliense.com.br\/vicente\/wp-json\/wp\/v2\/users\/22"}],"replies":[{"embeddable":true,"href":"https:\/\/blogs2.correiobraziliense.com.br\/vicente\/wp-json\/wp\/v2\/comments?post=196"}],"version-history":[{"count":0,"href":"https:\/\/blogs2.correiobraziliense.com.br\/vicente\/wp-json\/wp\/v2\/posts\/196\/revisions"}],"wp:attachment":[{"href":"https:\/\/blogs2.correiobraziliense.com.br\/vicente\/wp-json\/wp\/v2\/media?parent=196"}],"wp:term":[{"taxonomy":"category","embeddable":true,"href":"https:\/\/blogs2.correiobraziliense.com.br\/vicente\/wp-json\/wp\/v2\/categories?post=196"},{"taxonomy":"post_tag","embeddable":true,"href":"https:\/\/blogs2.correiobraziliense.com.br\/vicente\/wp-json\/wp\/v2\/tags?post=196"}],"curies":[{"name":"wp","href":"https:\/\/api.w.org\/{rel}","templated":true}]}}