{"id":19608,"date":"2021-06-29T18:56:21","date_gmt":"2021-06-29T21:56:21","guid":{"rendered":"https:\/\/blogs2.correiobraziliense.com.br\/vicente\/?p=19608"},"modified":"2021-06-29T19:11:10","modified_gmt":"2021-06-29T22:11:10","slug":"para-bnp-pressoes-inflacionarias-devem-persistir-ao-longo-de-2021","status":"publish","type":"post","link":"https:\/\/blogs2.correiobraziliense.com.br\/vicente\/para-bnp-pressoes-inflacionarias-devem-persistir-ao-longo-de-2021\/","title":{"rendered":"Para BNP, press\u00f5es inflacion\u00e1rias devem persistir ao longo de 2021"},"content":{"rendered":"<h2>ROSANA HESSEL<\/h2>\n<h2>O aumento de 52% na bandeira tarif\u00e1ria da conta de luz, aprovado pela diretoria colegiada da Ag\u00eancia Nacional de Energia El\u00e9trica (Aneel) nesta ter\u00e7a-feira (29\/06), n\u00e3o vai alterar as proje\u00e7\u00f5es de infla\u00e7\u00e3o do BNP Paribas para este ano, de 6,5%, de acordo com Gustavo Arruda, economista-chefe do banco franc\u00eas no Brasil, que fez v\u00e1rios alertas sobre as press\u00f5es inflacion\u00e1rias que ainda devem persistir ao longo do ano.<\/h2>\n<p>&nbsp;<\/p>\n<p>Com o reajuste valendo a partir de julho, a bandeira vermelha 2, o patamar mais elevado, passar\u00e1 de R$ 6,24 para R$ 9,49. \u201cNas nossas proje\u00e7\u00f5es de infla\u00e7\u00e3o, t\u00ednhamos inclu\u00eddo um reajuste na bandeira vermelha 2 para R$ 10, e, portanto, n\u00e3o ser\u00e1 necess\u00e1rio revermos a atual estimativa. O novo valor est\u00e1 muito pr\u00f3ximos do que t\u00ednhamos assumido e o ajuste fica desprez\u00edvel no IPCA\u201d, disse Arruda, durante a apresenta\u00e7\u00e3o a jornalistas das novas proje\u00e7\u00f5es da institui\u00e7\u00e3o, que prev\u00ea expans\u00e3o de 5,5% no Produto Interno Bruto (PIB) deste ano, e de 3% no do ano que vem.<\/p>\n<p>&nbsp;<\/p>\n<p>Na avalia\u00e7\u00e3o do economista, ainda h\u00e1 diversos riscos que podem pressionar o \u00cdndice de Pre\u00e7os ao Consumidor Amplo (IPCA) al\u00e9m da crise h\u00eddrica, como os fretes internacionais &#8211;que est\u00e3o elevados e podem afetar a din\u00e2mica &#8211;, a falta de insumos que pode afetar ainda mais produ\u00e7\u00e3o global, e at\u00e9 mesmo uma valoriza\u00e7\u00e3o cambial, embora as novas estimativas do BNP indicarem um d\u00f3lar abaixo de R$ 5 no fim deste ano e no pr\u00f3ximo. Ele ainda destacou que a infla\u00e7\u00e3o de servi\u00e7os ainda est\u00e1 baixa e ainda h\u00e1 incertezas sobre a intensidade do aumento dos pre\u00e7os desse segmento quando o processo de vacina\u00e7\u00e3o permitir uma retomada mais segura das atividades. \u201cNo segundo semestre ainda n\u00e3o temos muita certeza como esses riscos v\u00e3o evoluir\u201d, afirmou.<\/p>\n<p>&nbsp;<\/p>\n<p>O consenso do mercado \u00e9 que o teto da meta de infla\u00e7\u00e3o deste ano, de 5,25%, ser\u00e1 descumprido e, para o ano que vem, o compromisso do Banco Central, de conseguir manter o custo de vida no centro da meta de 2022, de 3,50%, tamb\u00e9m poder\u00e1 n\u00e3o ser cumprido. Pelas proje\u00e7\u00f5es do BNP, por exemplo, o IPCA dever\u00e1 encerrar 2022 em 4%, abaixo do teto de 5%, e com a taxa b\u00e1sica de juros (Selic) chegando a 7,5% ao ano.<\/p>\n<p>&nbsp;<\/p>\n<p><strong>Ajuda externa<\/strong><\/p>\n<p>&nbsp;<\/p>\n<p>O cen\u00e1rio internacional mais favor\u00e1vel \u00e9 um dos fatores para a melhora das previs\u00f5es do BNP para o PIB brasileiro em 2021, porque boa parte do crescimento de 5,5% deste ano tem a ver com o crescimento global e as exporta\u00e7\u00f5es de commodities.\u00a0 Em mar\u00e7o, a previs\u00e3o da institui\u00e7\u00e3o de expans\u00e3o do PIB do Brasil era de 2,5%. \u201cSe o mundo crescer bastante por conta das pol\u00edticas de est\u00edmulo fiscal dos pa\u00edses desenvolvidos, que devem aceitar conviver com um pouco de infla\u00e7\u00e3o, o canal internacional vai continuar sendo pujante para a economia brasileira\u201d, afirmou Arruda.<\/p>\n<p>&nbsp;<\/p>\n<p>O BNP revisou de 6,1% para 6,4% a proje\u00e7\u00e3o de expans\u00e3o do PIB global, mantendo em 6,9% a estimativa para o avan\u00e7o do PIB dos Estados Unidos, mas reduziu de 9,2% para 8,7% a expectativa de crescimento do PIB da China.<\/p>\n<p>&nbsp;<\/p>\n<p>Apesar de reconhecer que, devido \u00e0 pandemia ainda h\u00e1 v\u00e1rios riscos para a retomada da economia brasileira, inclusive, uma desacelera\u00e7\u00e3o maior da China, tamb\u00e9m precisa ser inclu\u00edda no radar, mas o maior deles \u00e9 a infla\u00e7\u00e3o. \u201cSem d\u00favida, um ajuste no tamanho da acomoda\u00e7\u00e3o do crescimento chin\u00eas ser\u00e1 fundamental para o desempenho do Brasil. Mas eles n\u00e3o est\u00e3o conseguindo acomodar os pre\u00e7os no min\u00e9rio de ferro e conter a especula\u00e7\u00e3o do mercado. O processo inflacion\u00e1rio est\u00e1 vindo pela demanda, que continua muito forte. E, dito isso, a China busca estabilizar o crescimento para desacelerar os pre\u00e7os das commodities. E isso \u00e9 um risco para o Brasil qual vai ser o tamanho da acelera\u00e7\u00e3o chinesa\u201d, afirmou.<\/p>\n<p>&nbsp;<\/p>\n<p>Arruda considera que os riscos fiscais s\u00e3o menores neste ano devido \u00e0 ajuda da infla\u00e7\u00e3o que, por conta do deflator, aumentou as estimativas do PIB nominal e, com isso, reduziu as previs\u00f5es para a d\u00edvida p\u00fablica bruta, que atualmente est\u00e1 mais perto de 80% do que de 100% do PIB. \u201cO ponto de partida \u00e9 uma d\u00edvida menor e, quando se faz a an\u00e1lise sobre a sustentabilidade do teto de gastos, parece que ele se sustenta por mais algum tempo, pelo menos at\u00e9 2024\u201d, afirmou. \u201cN\u00e3o acredito que o mercado esteja ignorando o risco fiscal, mas aguarda alguma informa\u00e7\u00e3o adicional, porque, se n\u00e3o fosse isso, o d\u00f3lar j\u00e1 estaria em R$ 4,50 e n\u00e3o em R$ 4,90\u201d, afirmou.<\/p>\n<p>&nbsp;<\/p>\n<p>Devido \u00e0s elei\u00e7\u00f5es no ano que vem, Arruda ainda admitiu que dever\u00e1 haver bastante volatilidade no mercado, principalmente, no d\u00f3lar. Pelas novas proje\u00e7\u00f5es do banco franc\u00eas, a divisa norte-americana dever\u00e1 encerrar 2021 cotada a R$ 4,75, e, no ano que vem, em R$ 4,60. \u201cIsso n\u00e3o quer dizer que n\u00e3o vai haver volatilidade dado o ambiente de incertezas\u201d, disse o economista, reconhecendo os riscos de novos choques de oferta pressionam ainda mais a infla\u00e7\u00e3o enquanto a atividade demorar mais tempo do que o esperado para se recuperar. \u201cSe isso acontecer, ser\u00e1 o pior dos mundos\u201d, complementou.<\/p>\n<p>&nbsp;<\/p>\n<p>&nbsp;<\/p>\n","protected":false},"excerpt":{"rendered":"<p>ROSANA HESSEL O aumento de 52% na bandeira tarif\u00e1ria da conta de luz, aprovado pela diretoria colegiada da Ag\u00eancia Nacional de Energia El\u00e9trica (Aneel) nesta ter\u00e7a-feira (29\/06), n\u00e3o vai alterar as proje\u00e7\u00f5es de infla\u00e7\u00e3o do BNP Paribas para este ano, de 6,5%, de acordo com Gustavo Arruda, economista-chefe do banco franc\u00eas no Brasil, que fez [&hellip;]<\/p>\n","protected":false},"author":22,"featured_media":14173,"comment_status":"open","ping_status":"closed","sticky":false,"template":"","format":"standard","meta":{"wpb_read_more":[],"footnotes":""},"categories":[600],"tags":[4504,5588,4416,246,920,589,14,1213,58,264,2853],"class_list":["post-19608","post","type-post","status-publish","format-standard","has-post-thumbnail","hentry","category-economia","tag-aneel","tag-bandeira-tarifaria","tag-bnp-paribas","tag-china","tag-conta-de-luz","tag-economia","tag-inflacao","tag-ipca","tag-pib","tag-reajuste","tag-riscos"],"_links":{"self":[{"href":"https:\/\/blogs2.correiobraziliense.com.br\/vicente\/wp-json\/wp\/v2\/posts\/19608","targetHints":{"allow":["GET"]}}],"collection":[{"href":"https:\/\/blogs2.correiobraziliense.com.br\/vicente\/wp-json\/wp\/v2\/posts"}],"about":[{"href":"https:\/\/blogs2.correiobraziliense.com.br\/vicente\/wp-json\/wp\/v2\/types\/post"}],"author":[{"embeddable":true,"href":"https:\/\/blogs2.correiobraziliense.com.br\/vicente\/wp-json\/wp\/v2\/users\/22"}],"replies":[{"embeddable":true,"href":"https:\/\/blogs2.correiobraziliense.com.br\/vicente\/wp-json\/wp\/v2\/comments?post=19608"}],"version-history":[{"count":2,"href":"https:\/\/blogs2.correiobraziliense.com.br\/vicente\/wp-json\/wp\/v2\/posts\/19608\/revisions"}],"predecessor-version":[{"id":19611,"href":"https:\/\/blogs2.correiobraziliense.com.br\/vicente\/wp-json\/wp\/v2\/posts\/19608\/revisions\/19611"}],"wp:featuredmedia":[{"embeddable":true,"href":"https:\/\/blogs2.correiobraziliense.com.br\/vicente\/wp-json\/wp\/v2\/media\/14173"}],"wp:attachment":[{"href":"https:\/\/blogs2.correiobraziliense.com.br\/vicente\/wp-json\/wp\/v2\/media?parent=19608"}],"wp:term":[{"taxonomy":"category","embeddable":true,"href":"https:\/\/blogs2.correiobraziliense.com.br\/vicente\/wp-json\/wp\/v2\/categories?post=19608"},{"taxonomy":"post_tag","embeddable":true,"href":"https:\/\/blogs2.correiobraziliense.com.br\/vicente\/wp-json\/wp\/v2\/tags?post=19608"}],"curies":[{"name":"wp","href":"https:\/\/api.w.org\/{rel}","templated":true}]}}