{"id":19624,"date":"2021-06-30T19:33:41","date_gmt":"2021-06-30T22:33:41","guid":{"rendered":"https:\/\/blogs2.correiobraziliense.com.br\/vicente\/?p=19624"},"modified":"2021-06-30T19:52:27","modified_gmt":"2021-06-30T22:52:27","slug":"estudo-preve-aumento-na-energia-em-ate-73-por-conta-da-mp-da-eletrobras","status":"publish","type":"post","link":"https:\/\/blogs2.correiobraziliense.com.br\/vicente\/estudo-preve-aumento-na-energia-em-ate-73-por-conta-da-mp-da-eletrobras\/","title":{"rendered":"Estudo prev\u00ea aumento na energia em at\u00e9 7,3% por conta da MP da Eletrobras"},"content":{"rendered":"<h2>ROSANA HESSEL<\/h2>\n<h2><\/h2>\n<h2>As mudan\u00e7as no setor el\u00e9trico promovidas pela Medida Provis\u00f3ria 1.031\/21, que trata da privatiza\u00e7\u00e3o da Eletrobras e que foi aprovada pelo Congresso no come\u00e7o da semana passada, devem elevar as tarifas de energia de at\u00e9 7,31% entre 2027 e 2030, conforme levantamento feito pela TR Solu\u00e7\u00f5es, divulgado nesta quarta-feira (30\/06).<\/h2>\n<h2><\/h2>\n<p>A empresa de tecnologia especializada em tarifas usou com base nos dados do Servi\u00e7o para Estimativa de Tarifas de Energia (Sete), considerando informa\u00e7\u00f5es das 53 distribuidoras de energia no pa\u00eds.\u00a0Conforme o levantamento, e um primeiro momento, haver\u00e1 uma redu\u00e7\u00e3o m\u00e9dia de 2,94% nos custos da energia el\u00e9trica no pa\u00eds a partir do ano que vem at\u00e9 2027.<\/p>\n<p>&nbsp;<\/p>\n<p>No entanto, a partir da entrada em vigor das obrigatoriedades impostas nos jabutis &#8212; emendas n\u00e3o relacionadas ao tema principal da proposta &#8211;, como a obrigatoriedade da contrata\u00e7\u00e3o de usinas t\u00e9rmicas a g\u00e1s em regi\u00f5es onde elas n\u00e3o existem ou, muito menos, gasoduto para o abastecimento, cujos custos dever\u00e3o ser arcados pelo consumidor na conta de luz, o impacto na fatura de energia dever\u00e1 aumentar anualmente, chegando a 7,31% em 2030, de acordo com o estudo.<\/p>\n<p>&nbsp;<\/p>\n<p>Durante as vota\u00e7\u00f5es na C\u00e2mara e no Senado, os relatores n\u00e3o informaram o verdadeiro impacto dos jabutis inclu\u00eddos na proposta para o consumidor.\u00a0Na simula\u00e7\u00e3o dos efeitos da MP, a empresa, por exemplo, levou em considera\u00e7\u00e3o os impactos das altera\u00e7\u00f5es do Programa de Incentivo \u00e0s Fontes Alternativas de Energia El\u00e9trica (Proinfa) e o estabelecimento de uma agenda para contrata\u00e7\u00e3o de termoel\u00e9tricas para compor o Encargo de Pot\u00eancia para Reserva de Capacidade (ERCAP) foram considerados na forma\u00e7\u00e3o da componente de energia da Tarifa de Uso do Sistema de Distribui\u00e7\u00e3o (TUSD).<\/p>\n<p>&nbsp;<\/p>\n<p>Os c\u00e1lculos consideram tamb\u00e9m a redu\u00e7\u00e3o dos custos previstas com o t\u00e9rmino do pagamento da d\u00edvida relativa \u00e0 Usina de Itaipu em 2023. Tamb\u00e9m foi inclu\u00eddo na conta o fim dos contratos regulados das distribuidoras com usinas t\u00e9rmicas a \u00f3leo combust\u00edvel e a \u00f3leo diesel que est\u00e1 prevista na MP e que podem reduzir em at\u00e9 11% o pre\u00e7o m\u00e9dio da energia nesses contratos.\u00a0Sem a prorroga\u00e7\u00e3o do Proinfa previsto na MP, o encargo passaria de R$ 13por MWh, em 2022, para R$ 1 por MWh, em 2031. J\u00e1 a prorroga\u00e7\u00e3o dos contratos determinada pela MP deve resultar na cobran\u00e7a de encargo na faixa de R$ 8 por\u00a0 MWh ao longo de todo o per\u00edodo avaliado.<\/p>\n<p>&nbsp;<\/p>\n<p>Procurado, o Minist\u00e9rio de Minas e Energia n\u00e3o comentou especificamente o estudo e enviou uma nota rebatendo cr\u00edticas que ocorreram durante a vota\u00e7\u00e3o da MP, alegando que &#8220;Ainda, mesmo que o montante a ser arcado pelo consumidor fosse de R$ 41 bilh\u00f5es, isso n\u00e3o representaria um impacto tarif\u00e1rio de 10%&#8221;.<\/p>\n","protected":false},"excerpt":{"rendered":"<p>ROSANA HESSEL As mudan\u00e7as no setor el\u00e9trico promovidas pela Medida Provis\u00f3ria 1.031\/21, que trata da privatiza\u00e7\u00e3o da Eletrobras e que foi aprovada pelo Congresso no come\u00e7o da semana passada, devem elevar as tarifas de energia de at\u00e9 7,31% entre 2027 e 2030, conforme levantamento feito pela TR Solu\u00e7\u00f5es, divulgado nesta quarta-feira (30\/06). A empresa de [&hellip;]<\/p>\n","protected":false},"author":22,"featured_media":18713,"comment_status":"open","ping_status":"closed","sticky":false,"template":"","format":"standard","meta":{"wpb_read_more":[],"footnotes":""},"categories":[600],"tags":[5590,5589,1534,2382,540,5591],"class_list":["post-19624","post","type-post","status-publish","format-standard","has-post-thumbnail","hentry","category-economia","tag-aumento-de-tarifa","tag-custo-de-energia","tag-eletrobras","tag-mp","tag-privatizacao","tag-tr-solucoes"],"_links":{"self":[{"href":"https:\/\/blogs2.correiobraziliense.com.br\/vicente\/wp-json\/wp\/v2\/posts\/19624","targetHints":{"allow":["GET"]}}],"collection":[{"href":"https:\/\/blogs2.correiobraziliense.com.br\/vicente\/wp-json\/wp\/v2\/posts"}],"about":[{"href":"https:\/\/blogs2.correiobraziliense.com.br\/vicente\/wp-json\/wp\/v2\/types\/post"}],"author":[{"embeddable":true,"href":"https:\/\/blogs2.correiobraziliense.com.br\/vicente\/wp-json\/wp\/v2\/users\/22"}],"replies":[{"embeddable":true,"href":"https:\/\/blogs2.correiobraziliense.com.br\/vicente\/wp-json\/wp\/v2\/comments?post=19624"}],"version-history":[{"count":5,"href":"https:\/\/blogs2.correiobraziliense.com.br\/vicente\/wp-json\/wp\/v2\/posts\/19624\/revisions"}],"predecessor-version":[{"id":19634,"href":"https:\/\/blogs2.correiobraziliense.com.br\/vicente\/wp-json\/wp\/v2\/posts\/19624\/revisions\/19634"}],"wp:featuredmedia":[{"embeddable":true,"href":"https:\/\/blogs2.correiobraziliense.com.br\/vicente\/wp-json\/wp\/v2\/media\/18713"}],"wp:attachment":[{"href":"https:\/\/blogs2.correiobraziliense.com.br\/vicente\/wp-json\/wp\/v2\/media?parent=19624"}],"wp:term":[{"taxonomy":"category","embeddable":true,"href":"https:\/\/blogs2.correiobraziliense.com.br\/vicente\/wp-json\/wp\/v2\/categories?post=19624"},{"taxonomy":"post_tag","embeddable":true,"href":"https:\/\/blogs2.correiobraziliense.com.br\/vicente\/wp-json\/wp\/v2\/tags?post=19624"}],"curies":[{"name":"wp","href":"https:\/\/api.w.org\/{rel}","templated":true}]}}