{"id":19626,"date":"2021-06-30T20:31:45","date_gmt":"2021-06-30T23:31:45","guid":{"rendered":"https:\/\/blogs2.correiobraziliense.com.br\/vicente\/?p=19626"},"modified":"2021-06-30T20:31:45","modified_gmt":"2021-06-30T23:31:45","slug":"ganho-de-novos-isentos-do-irpf-sera-de-ate-r-75-por-mes-diz-everardo-maciel","status":"publish","type":"post","link":"https:\/\/blogs2.correiobraziliense.com.br\/vicente\/ganho-de-novos-isentos-do-irpf-sera-de-ate-r-75-por-mes-diz-everardo-maciel\/","title":{"rendered":"Ganho de novos isentos do IRPF ser\u00e1 de at\u00e9 R$ 7,5 por m\u00eas, diz Everardo Maciel"},"content":{"rendered":"<h2>ROSANA HESSEL<\/h2>\n<h2><\/h2>\n<h2>A segunda etapa da proposta de reforma tribut\u00e1ria do Executivo enviada ao Congresso pelo ministro da Economia, Paulo Guedes, com mudan\u00e7as no Imposto de Renda Pessoa F\u00edsica (IRPF) e no Imposto de Renda Pessoa Jur\u00eddica (IRPJ) e a cria\u00e7\u00e3o do imposto de 20% sobre dividendos, n\u00e3o para de receber cr\u00edticas de especialistas na \u00e1rea tribut\u00e1ria, que apontam poucos benef\u00edcios at\u00e9 mesmo para os mais pobres.<\/h2>\n<p>&nbsp;<\/p>\n<p>Pelos c\u00e1lculos do consultor e ex-secret\u00e1rio da Receita Federal, Everardo Maciel, por exemplo, o novo grupo que n\u00e3o precisar\u00e1 mais prestar contas com o Le\u00e3o no ano que vem, com o aumento do limite de isen\u00e7\u00e3o de R$ 1,9 mil para R$ 2,5 mil a partir de 2022, conseguir\u00e1, no m\u00e1ximo, um ganho mensal de R$ 7,50, considerando a diferen\u00e7a sobre o valor atual para os isentos e o imposto anteriormente pago.<\/p>\n<p>&nbsp;<\/p>\n<p>&#8220;Esse \u00e9 o valor que a pessoa que recebe R$ 2,5 mil por m\u00eas deixar\u00e1 de pagar de imposto, ou seja, para quem tem renda menor, de at\u00e9 R$ 1,9 mil, esse ganho ser\u00e1 menos ainda. Assim, n\u00e3o vai dar nem para comprar um quilo de p\u00e3o franc\u00eas&#8221;, resumiu Maciel, em entrevista ao <strong>Blog<\/strong>, lembrando que o pre\u00e7o m\u00e9dio do quilo do tradicional item do caf\u00e9 da manh\u00e3 do brasileiro varia de R$ 7 a R$ 15 nas principais capitais do pa\u00eds.<\/p>\n<p>&nbsp;<\/p>\n<p>O especialista classificou a proposta como &#8220;uma verdadeira descri\u00e7\u00e3o do Inferno de Dante&#8221;, em refer\u00eancia \u00e0 primeira parte da\u00a0&#8220;Divina Com\u00e9dia&#8221; do escritor italiano de Dante Alighieri devido\u00a0 \u00e0s mudan\u00e7as que dever\u00e3o aumentar o volume de imposto pago, o que dever\u00e1 .\u00a0 Assim como o projeto de lei que unifica as al\u00edquotas de PIS-Cofins e que foi enviado pela pasta no ano passado, criando a Contribui\u00e7\u00e3o sobre Bens e Servi\u00e7os (CBS), a certeza do ex-secret\u00e1rio da Receita \u00e9 que de que &#8220;haver\u00e1 aumento de imposto para todas as empresas&#8221;, apesar de o governo propor a redu\u00e7\u00e3o das al\u00edquotas de IRPJ em 5% ou 2,5%.<\/p>\n<p>&nbsp;<\/p>\n<p>De acordo com Maciel, \u00e9 dif\u00edcil enumerar o problemas da proposta, &#8220;porque h\u00e1 centenas de revoga\u00e7\u00f5es que precisam ser analisadas com lupa&#8221;. &#8220;Em vez de simplificar, o governo acabou criando mais distor\u00e7\u00f5es com um \u00fanico objetivo de acordo com tributaristas que est\u00e3o analisando o projeto: aumento de arrecada\u00e7\u00e3o&#8221;, acrescentou.<\/p>\n<p>&nbsp;<\/p>\n<p>Pelos c\u00e1lculos do especialista,\u00a0impacto dos dois projetos de lei do ministro Paulo Guedes dever\u00e1 fazer com que as empresas que fazem declara\u00e7\u00e3o ao Fisco pelo lucro presumido &#8212; que \u00e9 feito pela maioria das companhias com porte maior do que as que declaram pelo Simples &#8212; poder\u00e1 mais do que dobrar, passando para 40% sobre o faturamento, &#8220;mesmo se houver preju\u00edzo&#8221;. &#8220;O governo quer acabar com a declara\u00e7\u00e3o por lucro presumido&#8221;, frisou.<\/p>\n<p>&nbsp;<\/p>\n<p>De acordo com estimativas do especialista na \u00e1rea tribut\u00e1ria e professor do IDP, atualmente, cerca de 4,5 milh\u00f5es de empresas declaram pelo Simples, outras 850 mil, por lucro presumido, e, 140 mil, pelo lucro real.<\/p>\n<p>&nbsp;<\/p>\n<p>Maciel disse ainda que n\u00e3o consegue entender como a Receita Federal conseguiu elaborar uma proposta t\u00e3o ruim e, portanto, a partir de agora n\u00e3o tem como mais defender o \u00f3rg\u00e3o que chefiou durante o governo Fernando Henrique Cardoso. &#8220;Os dois projetos abrem espa\u00e7o para o debate de inconstitucionalidade. Tem mil espa\u00e7os para os advogados atirarem que vai permitir que eles garantam n\u00e3o somente a aposentadoria deles como dos descendentes. Eu, que ficava defendendo a Receita no Supremo Tribunal Federal (STF), desisto&#8221;, disse.<b><\/b><\/p>\n<p>&nbsp;<\/p>\n<p>&nbsp;<\/p>\n<p>&nbsp;<\/p>\n","protected":false},"excerpt":{"rendered":"<p>ROSANA HESSEL A segunda etapa da proposta de reforma tribut\u00e1ria do Executivo enviada ao Congresso pelo ministro da Economia, Paulo Guedes, com mudan\u00e7as no Imposto de Renda Pessoa F\u00edsica (IRPF) e no Imposto de Renda Pessoa Jur\u00eddica (IRPJ) e a cria\u00e7\u00e3o do imposto de 20% sobre dividendos, n\u00e3o para de receber cr\u00edticas de especialistas na [&hellip;]<\/p>\n","protected":false},"author":22,"featured_media":19635,"comment_status":"open","ping_status":"closed","sticky":false,"template":"","format":"standard","meta":{"wpb_read_more":[],"footnotes":""},"categories":[600],"tags":[],"class_list":["post-19626","post","type-post","status-publish","format-standard","has-post-thumbnail","hentry","category-economia"],"_links":{"self":[{"href":"https:\/\/blogs2.correiobraziliense.com.br\/vicente\/wp-json\/wp\/v2\/posts\/19626","targetHints":{"allow":["GET"]}}],"collection":[{"href":"https:\/\/blogs2.correiobraziliense.com.br\/vicente\/wp-json\/wp\/v2\/posts"}],"about":[{"href":"https:\/\/blogs2.correiobraziliense.com.br\/vicente\/wp-json\/wp\/v2\/types\/post"}],"author":[{"embeddable":true,"href":"https:\/\/blogs2.correiobraziliense.com.br\/vicente\/wp-json\/wp\/v2\/users\/22"}],"replies":[{"embeddable":true,"href":"https:\/\/blogs2.correiobraziliense.com.br\/vicente\/wp-json\/wp\/v2\/comments?post=19626"}],"version-history":[{"count":3,"href":"https:\/\/blogs2.correiobraziliense.com.br\/vicente\/wp-json\/wp\/v2\/posts\/19626\/revisions"}],"predecessor-version":[{"id":19636,"href":"https:\/\/blogs2.correiobraziliense.com.br\/vicente\/wp-json\/wp\/v2\/posts\/19626\/revisions\/19636"}],"wp:featuredmedia":[{"embeddable":true,"href":"https:\/\/blogs2.correiobraziliense.com.br\/vicente\/wp-json\/wp\/v2\/media\/19635"}],"wp:attachment":[{"href":"https:\/\/blogs2.correiobraziliense.com.br\/vicente\/wp-json\/wp\/v2\/media?parent=19626"}],"wp:term":[{"taxonomy":"category","embeddable":true,"href":"https:\/\/blogs2.correiobraziliense.com.br\/vicente\/wp-json\/wp\/v2\/categories?post=19626"},{"taxonomy":"post_tag","embeddable":true,"href":"https:\/\/blogs2.correiobraziliense.com.br\/vicente\/wp-json\/wp\/v2\/tags?post=19626"}],"curies":[{"name":"wp","href":"https:\/\/api.w.org\/{rel}","templated":true}]}}