{"id":19637,"date":"2021-07-01T09:02:15","date_gmt":"2021-07-01T12:02:15","guid":{"rendered":"https:\/\/blogs2.correiobraziliense.com.br\/vicente\/?p=19637"},"modified":"2021-07-01T09:02:15","modified_gmt":"2021-07-01T12:02:15","slug":"greenpeace-alerta-para-novo-recorde-de-queimadas-na-amazonia","status":"publish","type":"post","link":"https:\/\/blogs2.correiobraziliense.com.br\/vicente\/greenpeace-alerta-para-novo-recorde-de-queimadas-na-amazonia\/","title":{"rendered":"Greenpeace alerta para novo recorde de queimadas na Amaz\u00f4nia"},"content":{"rendered":"<h2>ROSANA HESSEL<\/h2>\n<h2><\/h2>\n<h2>O Greenpeace Brasil faz novo alerta sobre o aumento de queimadas na Amaz\u00f4nia, destacando o maior volume de focos de inc\u00eandio detectados nos \u00faltimos 14 anos. Segundo a entidade, com base nos dados do Instituto Nacional de Pesquisa Espaciais (Inpe) divulgados nesta quinta-feira (01\/07), o m\u00eas de junho registrou o maior n\u00famero de focos de calor na Amaz\u00f4nia desde 2007, na compara\u00e7\u00e3o com o mesmo m\u00eas dos anos anteriores.<\/h2>\n<p>&nbsp;<\/p>\n<p>De acordo com a entidade, os sat\u00e9lites mostram que foram registrados 2.308 focos de calor, &#8220;o que representa um aumento de 2,6% em rela\u00e7\u00e3o a junho de 2020, quando j\u00e1 havia sido batido o recorde hist\u00f3rico&#8221;.\u00a0\u201cInfelizmente, esse recorde no m\u00eas de junho n\u00e3o \u00e9 uma surpresa, considerando a continuidade da pol\u00edtica antiambiental e a insist\u00eancia na utiliza\u00e7\u00e3o de uma ferramenta cara como o envio de tropas militares, que se mostrou ineficiente nos \u00faltimos dois anos. Na verdade \u00e9 mais uma estrat\u00e9gia para ingl\u00eas ver, pois, al\u00e9m de ser por um per\u00edodo mais curto do que nos anos anteriores, o pr\u00f3prio decreto j\u00e1 avisa os desmatadores e grileiros onde ir\u00e3o fiscalizar nesse per\u00edodo\u201d, comenta R\u00f4mulo Batista, porta-voz da campanha de Amaz\u00f4nia do Greenpeace Brasil, no comunicado divulgado hoje.<\/p>\n<p>&nbsp;<\/p>\n<p>Na avalia\u00e7\u00e3o da entidade, as sinaliza\u00e7\u00f5es vindas de Bras\u00edlia estimulam fortemente novos desmatamentos e invas\u00f5es em terras p\u00fablicas, como exemplo os projetos de lei da grilagem, o PL 2633\/2020 e o PL 510\/2021, que tramitam no Congresso e que visam flexibilizar os crit\u00e9rios da regulariza\u00e7\u00e3o fundi\u00e1ria, anistiando grileiros e estimulando novos desmatamentos. Al\u00e9m disso, h\u00e1 propostas que visam abrir terras ind\u00edgenas para atividades predat\u00f3rias, como o PL 490\/2020.<\/p>\n<p>&nbsp;<\/p>\n<p>O governo federal decidiu por meio de decreto, nesta semana, manter uma morat\u00f3ria do fogo e o envio de for\u00e7as armadas e uma nova Garantia da Lei e da Ordem (GLO) para combater o desmatamento e as queimadas na Amaz\u00f4nia, o que, para o Greenpeace \u00e9 o mesmo plano que &#8220;fracassou de maneira incontest\u00e1vel&#8221; nos \u00faltimos dois anos.<\/p>\n<p>&nbsp;<\/p>\n<p>Enquanto, no Hemisf\u00e9rio Norte, uma onda de calor vem se espalhando, deixando mortes, por conta do aquecimento global, o Greenpeace alerta que, no Brasil, para\u00a0os pr\u00f3ximos meses, &#8220;o cen\u00e1rio dificilmente ser\u00e1 diferente do que vimos nos \u00faltimos dois anos&#8221; e ainda alerta para o aumento do risco hidrol\u00f3gico, uma vez que especialistas apontam para uma queda vertiginosa no n\u00edvel dos reservat\u00f3rios neste ano, que poder\u00e1 atingir o menor patamar da hist\u00f3ria at\u00e9 novembro.<\/p>\n<p>&nbsp;<\/p>\n<p>&#8220;Com n\u00fameros altos de queimadas ainda no come\u00e7o do ver\u00e3o amaz\u00f4nico, meses onde h\u00e1 uma diminui\u00e7\u00e3o natural das chuvas na Amaz\u00f4nia, esses n\u00fameros tendem a subir ainda mais.\u00a0Estamos vivendo uma emerg\u00eancia clim\u00e1tica e a queima de florestas e outras vegeta\u00e7\u00f5es nativas \u00e9 a principal fonte brasileira de emiss\u00e3o de gases de efeito estufa que agravam ainda mais essa crise&#8221;, alertou a entidade que alerta como um dos reflexos\u00a0dos desmatamentos e queimadas que todos j\u00e1 estamos sentindo \u00e9 a altera\u00e7\u00e3o do regime de chuvas.\u00a0 &#8220;Os reservat\u00f3rios para gera\u00e7\u00e3o de energia e at\u00e9 mesmo para capta\u00e7\u00e3o de \u00e1gua para consumo humano encontram-se em n\u00edveis historicamente baixos, causando risco de racionamento e aumento na conta de energia e no pre\u00e7o dos alimentos por perda de produ\u00e7\u00e3o&#8221;, acrescentou.<\/p>\n<p>&nbsp;<\/p>\n<p>&nbsp;<\/p>\n","protected":false},"excerpt":{"rendered":"<p>ROSANA HESSEL O Greenpeace Brasil faz novo alerta sobre o aumento de queimadas na Amaz\u00f4nia, destacando o maior volume de focos de inc\u00eandio detectados nos \u00faltimos 14 anos. Segundo a entidade, com base nos dados do Instituto Nacional de Pesquisa Espaciais (Inpe) divulgados nesta quinta-feira (01\/07), o m\u00eas de junho registrou o maior n\u00famero de [&hellip;]<\/p>\n","protected":false},"author":22,"featured_media":19259,"comment_status":"open","ping_status":"closed","sticky":false,"template":"","format":"standard","meta":{"wpb_read_more":[],"footnotes":""},"categories":[600],"tags":[2636,5593,5366,5592,5365,3375,4096,181],"class_list":["post-19637","post","type-post","status-publish","format-standard","has-post-thumbnail","hentry","category-economia","tag-amazonia","tag-crise-hidrica","tag-desmatamento","tag-focos-de-calor","tag-greenpeace","tag-grilagem","tag-queimadas","tag-recorde"],"_links":{"self":[{"href":"https:\/\/blogs2.correiobraziliense.com.br\/vicente\/wp-json\/wp\/v2\/posts\/19637","targetHints":{"allow":["GET"]}}],"collection":[{"href":"https:\/\/blogs2.correiobraziliense.com.br\/vicente\/wp-json\/wp\/v2\/posts"}],"about":[{"href":"https:\/\/blogs2.correiobraziliense.com.br\/vicente\/wp-json\/wp\/v2\/types\/post"}],"author":[{"embeddable":true,"href":"https:\/\/blogs2.correiobraziliense.com.br\/vicente\/wp-json\/wp\/v2\/users\/22"}],"replies":[{"embeddable":true,"href":"https:\/\/blogs2.correiobraziliense.com.br\/vicente\/wp-json\/wp\/v2\/comments?post=19637"}],"version-history":[{"count":1,"href":"https:\/\/blogs2.correiobraziliense.com.br\/vicente\/wp-json\/wp\/v2\/posts\/19637\/revisions"}],"predecessor-version":[{"id":19638,"href":"https:\/\/blogs2.correiobraziliense.com.br\/vicente\/wp-json\/wp\/v2\/posts\/19637\/revisions\/19638"}],"wp:featuredmedia":[{"embeddable":true,"href":"https:\/\/blogs2.correiobraziliense.com.br\/vicente\/wp-json\/wp\/v2\/media\/19259"}],"wp:attachment":[{"href":"https:\/\/blogs2.correiobraziliense.com.br\/vicente\/wp-json\/wp\/v2\/media?parent=19637"}],"wp:term":[{"taxonomy":"category","embeddable":true,"href":"https:\/\/blogs2.correiobraziliense.com.br\/vicente\/wp-json\/wp\/v2\/categories?post=19637"},{"taxonomy":"post_tag","embeddable":true,"href":"https:\/\/blogs2.correiobraziliense.com.br\/vicente\/wp-json\/wp\/v2\/tags?post=19637"}],"curies":[{"name":"wp","href":"https:\/\/api.w.org\/{rel}","templated":true}]}}