{"id":19640,"date":"2021-07-02T16:41:21","date_gmt":"2021-07-02T19:41:21","guid":{"rendered":"https:\/\/blogs2.correiobraziliense.com.br\/vicente\/?p=19640"},"modified":"2021-07-02T16:41:21","modified_gmt":"2021-07-02T19:41:21","slug":"ministerio-da-justica-colabora-para-suspensao-de-antidumping-contra-seringa-chinesa","status":"publish","type":"post","link":"https:\/\/blogs2.correiobraziliense.com.br\/vicente\/ministerio-da-justica-colabora-para-suspensao-de-antidumping-contra-seringa-chinesa\/","title":{"rendered":"Minist\u00e9rio da Justi\u00e7a colabora para suspens\u00e3o de antidumping contra seringa chinesa"},"content":{"rendered":"<h2>ROSANA HESSEL<\/h2>\n<h2><\/h2>\n<h2><span style=\"font-weight: 400\">O Minist\u00e9rio da Justi\u00e7a e Seguran\u00e7a P\u00fablica, por meio da Secretaria Nacional do Consumidor (Senacon), subordinada ao Minist\u00e9rio da Justi\u00e7a e Seguran\u00e7a P\u00fablica conseguiu colaborar com o Minist\u00e9rio da Economia, pela primeira vez, em uma medida de defesa comercial, fundamentando os argumentos t\u00e9cnicos para a suspens\u00e3o de uma a\u00e7\u00e3o antidumping contra seringas chinesas.\u00a0<\/span><\/h2>\n<p>&nbsp;<\/p>\n<p><span style=\"font-weight: 400\">De acordo com a pasta, em nota t\u00e9cnica enviada \u00e0 Secretaria de Com\u00e9rcio Exterior do Minist\u00e9rio da Economia, a Senacon apresentou os subs\u00eddios necess\u00e1rios para a medida com base no mapeamento que fez da cadeia de seringas no pa\u00eds que colaboraram e justificaram a suspens\u00e3o da medida por interesse p\u00fablico pelo per\u00edodo de um ano. Com isso, os produtos dever\u00e3o chegar ao Brasil mais facilmente, j\u00e1 que sobretaxas e tarifas ficam suspensas.<\/span><\/p>\n<p>&nbsp;<\/p>\n<p><span style=\"font-weight: 400\">\u201cEsta foi uma atua\u00e7\u00e3o in\u00e9dita. Foi a primeira vez que uma medida antidumping foi suspensa por interesse p\u00fablico utilizando um parecer t\u00e9cnico da Senacon, o que mostra que estamos trabalhando preventivamente para n\u00e3o faltar seringas durante o per\u00edodo da vacina\u00e7\u00e3o\u201d, explicou a secret\u00e1ria Nacional do Consumidor, Juliana Domingues. <\/span><\/p>\n<p>&nbsp;<\/p>\n<p><span style=\"font-weight: 400\">De acordo com a secret\u00e1ria, o argumento da Senacon na an\u00e1lise t\u00e9cnica foi \u201cfundamental para a aplica\u00e7\u00e3o da suspens\u00e3o da medida antidumping por um ano\u201d<\/span><span style=\"font-weight: 400\">.\u00a0&#8220;O Minist\u00e9rio da Economia suspendeu a medida antidumping em raz\u00e3o do interesse p\u00fablico e, com isso, a sobretaxa foi retirada por um ano para garantir o abastecimento de seringas no momento em v\u00e1rios brasileiros est\u00e3o sendo vacinados&#8221;, acrescentou.\u00a0\u00a0<\/span><\/p>\n<p>&nbsp;<\/p>\n<p><span style=\"font-weight: 400\">No \u00faltimo dia 21, o Comit\u00ea Executivo de Gest\u00e3o da C\u00e2mara de Com\u00e9rcio Exterior (Gecex) publicou uma resolu\u00e7\u00e3o prorrogando o direito antidumping efetivo por at\u00e9 cinco anos, no qual o governo aplica uma sobretaxa para as importa\u00e7\u00f5es de seringas descart\u00e1veis de uso geral, de pl\u00e1stico com capacidades de 1ml, 3ml, 5ml, 10ml ou 20 ml, com ou sem agulhas origin\u00e1rias da China. A medida tamb\u00e9m suspendeu a aplica\u00e7\u00e3o da medida, por at\u00e9 um ano, \u201cem raz\u00e3o de interesse p\u00fablico\u201d.\u00a0<\/span><\/p>\n<p>&nbsp;<\/p>\n","protected":false},"excerpt":{"rendered":"<p>ROSANA HESSEL O Minist\u00e9rio da Justi\u00e7a e Seguran\u00e7a P\u00fablica, por meio da Secretaria Nacional do Consumidor (Senacon), subordinada ao Minist\u00e9rio da Justi\u00e7a e Seguran\u00e7a P\u00fablica conseguiu colaborar com o Minist\u00e9rio da Economia, pela primeira vez, em uma medida de defesa comercial, fundamentando os argumentos t\u00e9cnicos para a suspens\u00e3o de uma a\u00e7\u00e3o antidumping contra seringas chinesas.\u00a0 [&hellip;]<\/p>\n","protected":false},"author":22,"featured_media":17604,"comment_status":"open","ping_status":"closed","sticky":false,"template":"","format":"standard","meta":{"wpb_read_more":[],"footnotes":""},"categories":[600],"tags":[],"class_list":["post-19640","post","type-post","status-publish","format-standard","has-post-thumbnail","hentry","category-economia"],"_links":{"self":[{"href":"https:\/\/blogs2.correiobraziliense.com.br\/vicente\/wp-json\/wp\/v2\/posts\/19640","targetHints":{"allow":["GET"]}}],"collection":[{"href":"https:\/\/blogs2.correiobraziliense.com.br\/vicente\/wp-json\/wp\/v2\/posts"}],"about":[{"href":"https:\/\/blogs2.correiobraziliense.com.br\/vicente\/wp-json\/wp\/v2\/types\/post"}],"author":[{"embeddable":true,"href":"https:\/\/blogs2.correiobraziliense.com.br\/vicente\/wp-json\/wp\/v2\/users\/22"}],"replies":[{"embeddable":true,"href":"https:\/\/blogs2.correiobraziliense.com.br\/vicente\/wp-json\/wp\/v2\/comments?post=19640"}],"version-history":[{"count":3,"href":"https:\/\/blogs2.correiobraziliense.com.br\/vicente\/wp-json\/wp\/v2\/posts\/19640\/revisions"}],"predecessor-version":[{"id":19666,"href":"https:\/\/blogs2.correiobraziliense.com.br\/vicente\/wp-json\/wp\/v2\/posts\/19640\/revisions\/19666"}],"wp:featuredmedia":[{"embeddable":true,"href":"https:\/\/blogs2.correiobraziliense.com.br\/vicente\/wp-json\/wp\/v2\/media\/17604"}],"wp:attachment":[{"href":"https:\/\/blogs2.correiobraziliense.com.br\/vicente\/wp-json\/wp\/v2\/media?parent=19640"}],"wp:term":[{"taxonomy":"category","embeddable":true,"href":"https:\/\/blogs2.correiobraziliense.com.br\/vicente\/wp-json\/wp\/v2\/categories?post=19640"},{"taxonomy":"post_tag","embeddable":true,"href":"https:\/\/blogs2.correiobraziliense.com.br\/vicente\/wp-json\/wp\/v2\/tags?post=19640"}],"curies":[{"name":"wp","href":"https:\/\/api.w.org\/{rel}","templated":true}]}}