{"id":19643,"date":"2021-07-01T16:17:56","date_gmt":"2021-07-01T19:17:56","guid":{"rendered":"https:\/\/blogs2.correiobraziliense.com.br\/vicente\/?p=19643"},"modified":"2021-07-01T16:17:56","modified_gmt":"2021-07-01T19:17:56","slug":"bradesco-melhora-projecoes-e-passa-a-prever-expansao-de-52-no-pib","status":"publish","type":"post","link":"https:\/\/blogs2.correiobraziliense.com.br\/vicente\/bradesco-melhora-projecoes-e-passa-a-prever-expansao-de-52-no-pib\/","title":{"rendered":"Bradesco melhora proje\u00e7\u00f5es e passa a prever expans\u00e3o de 5,2% no PIB"},"content":{"rendered":"<h2>ROSANA HESSEL<\/h2>\n<p>&nbsp;<\/p>\n<h2>O Bradesco elevou de 4,8% para 5,2% a previs\u00e3o de crescimento do Produto Interno Bruto (PIB) brasileiro deste ano, conforme relat\u00f3rio om novas previs\u00f5es macroecon\u00f4micas divulgado nesta quinta-feira (01\/07). Para 2022, a expectativa de expans\u00e3o do PIB passou de 2% para 2,2%.<\/h2>\n<p>&nbsp;<\/p>\n<p>A institui\u00e7\u00e3o foi um dos \u00faltimos grandes bancos a apresentar proje\u00e7\u00f5es acima de 5% para o PIB deste ano. De acordo com diretor de Pesquisas e Estudos Econ\u00f4micos do Bradesco, Fernando Honorato, a melhora pela \u00f3tica da demanda dos indicadores de consumo, tanto de bens quanto de servi\u00e7os, e de investimentos foram os principais fatores para essa revis\u00e3o da institui\u00e7\u00e3o. Ele destaca que a economia segue exibindo bons resultados, resultantes de um cen\u00e1rio global favor\u00e1vel, do aumento da mobilidade e da disponibilidade de cr\u00e9dito, &#8220;que dever\u00e1 dando suporte \u00e0 retomada&#8221;.\u00a0Al\u00e9m disso, o relat\u00f3rio destaca que as perspectivas para a\u00a0 economia mundial est\u00e3o mais favor\u00e1veis e os riscos est\u00e3o\u00a0mais equilibrados quando comparados h\u00e1 uns meses.<\/p>\n<p>&nbsp;<\/p>\n<p>O novo cen\u00e1rio prev\u00ea infla\u00e7\u00e3o mais elevada, com as novas proje\u00e7\u00f5es apontam alta de 6,4% no \u00cdndice de Pre\u00e7os ao Consumidor Amplo (IPCA), neste ano, em vez de 5,5%, devido \u00e0 incorpora\u00e7\u00e3o da bandeira vermelha 2 na tarifa de energia, al\u00e9m dos pre\u00e7os industriais mais pressionados por conta do aumento dos pre\u00e7os das commodities e dos problemas nas cadeias de suprimentos.\u00a0\u00a0E, em 2022, a previs\u00e3o para avan\u00e7o do custo de vida recuou de 3,5% para 3,3% Segundo Honorato, o\u00a0fato de o IPCA de 2022 ser projetado abaixo do centro da meta, de 3,50%, deriva valoriza\u00e7\u00e3o do real frente ao d\u00f3lar observada mais recentemente.<\/p>\n<p>&nbsp;<\/p>\n<p>Enquanto isso, a taxa b\u00e1sica de juros (Selic) dever\u00e1 encerrar o ano em 6,5% pelas estimativas do banco, atingindo o patamar neutro, com a sinaliza\u00e7\u00e3o do Banco Central cada vez mais preocupado com a infla\u00e7\u00e3o. &#8220;Esse n\u00edvel de juros, em um cen\u00e1rio em que ainda h\u00e1 ociosidade na economia, produzir\u00e1 efeitos baixistas na infla\u00e7\u00e3o&#8221;, apostou o documento.<\/p>\n<p>&nbsp;<\/p>\n<p>&#8220;As perspectivas favor\u00e1veis para a economia mundial t\u00eam se consolidado e os riscos est\u00e3o mais equilibrados quando comparados h\u00e1 uns meses. As preocupa\u00e7\u00f5es com a pandemia, em\u00a0especial com as novas variantes, seguir\u00e3o presentes por algum tempo, mas o avan\u00e7o da imuniza\u00e7\u00e3o\u00a0e a adapta\u00e7\u00e3o da economia \u00e0s restri\u00e7\u00f5es \u00e0 mobilidade v\u00e3o se sobrepondo. A infla\u00e7\u00e3o ainda \u00e9 um<br \/>\nrisco ao cen\u00e1rio, \u00e0 medida em que ela pautar\u00e1 o timing e a velocidade da normaliza\u00e7\u00e3o da pol\u00edtica\u00a0econ\u00f4mica \u2013 que j\u00e1 avan\u00e7a em alguns pa\u00edses emergentes&#8221;, destacou o relat\u00f3rio.<\/p>\n<p>&nbsp;<\/p>\n<p>Conforme o estudo, os indicadores fiscais t\u00eam melhorado, &#8220;removendo parte do pr\u00eamio de risco sobre a moeda, especialmente diante de um ambiente global de apetite ao risco&#8221;, acrescentou.\u00a0 A equipe econ\u00f4mica do banco revisou a expectativa para o d\u00f3lar no fim deste ano para R$ 4,70, e, no fim de 2022, para R$ 5,30.<\/p>\n<p>&nbsp;<\/p>\n<p>Os fundamentos externos continuam muito positivos, segundo a institui\u00e7\u00e3o que tem expectativa de superavit na balan\u00e7a de comercial de US$ 75 bilh\u00f5es e saldo de transa\u00e7\u00f5es correntes tamb\u00e9m positivo em 0,5% do PIB.<\/p>\n<p>&nbsp;<\/p>\n<p>Na avalia\u00e7\u00e3o dos economistas do Bradesco, que as contas p\u00fablicas est\u00e3o sendo beneficiadas pelo cen\u00e1rio mais inflacionado e pelo maior crescimento da economia, mas a din\u00e2mica de longo prazo da d\u00edvida p\u00fablica bruta, que dever\u00e1 encerrar o ano em 82,1% do PIB pelas novas previs\u00f5es do banco, &#8220;continua dependente do cumprimento das regras fiscais&#8221;.<\/p>\n<p>&nbsp;<\/p>\n","protected":false},"excerpt":{"rendered":"<p>ROSANA HESSEL &nbsp; O Bradesco elevou de 4,8% para 5,2% a previs\u00e3o de crescimento do Produto Interno Bruto (PIB) brasileiro deste ano, conforme relat\u00f3rio om novas previs\u00f5es macroecon\u00f4micas divulgado nesta quinta-feira (01\/07). Para 2022, a expectativa de expans\u00e3o do PIB passou de 2% para 2,2%. &nbsp; A institui\u00e7\u00e3o foi um dos \u00faltimos grandes bancos a [&hellip;]<\/p>\n","protected":false},"author":22,"featured_media":11785,"comment_status":"open","ping_status":"closed","sticky":false,"template":"","format":"standard","meta":{"wpb_read_more":[],"footnotes":""},"categories":[600],"tags":[491,589,5594,14,5565,58,718],"class_list":["post-19643","post","type-post","status-publish","format-standard","has-post-thumbnail","hentry","category-economia","tag-bradesco","tag-economia","tag-estimativas","tag-inflacao","tag-macroeconomia","tag-pib","tag-revisao"],"_links":{"self":[{"href":"https:\/\/blogs2.correiobraziliense.com.br\/vicente\/wp-json\/wp\/v2\/posts\/19643","targetHints":{"allow":["GET"]}}],"collection":[{"href":"https:\/\/blogs2.correiobraziliense.com.br\/vicente\/wp-json\/wp\/v2\/posts"}],"about":[{"href":"https:\/\/blogs2.correiobraziliense.com.br\/vicente\/wp-json\/wp\/v2\/types\/post"}],"author":[{"embeddable":true,"href":"https:\/\/blogs2.correiobraziliense.com.br\/vicente\/wp-json\/wp\/v2\/users\/22"}],"replies":[{"embeddable":true,"href":"https:\/\/blogs2.correiobraziliense.com.br\/vicente\/wp-json\/wp\/v2\/comments?post=19643"}],"version-history":[{"count":1,"href":"https:\/\/blogs2.correiobraziliense.com.br\/vicente\/wp-json\/wp\/v2\/posts\/19643\/revisions"}],"predecessor-version":[{"id":19644,"href":"https:\/\/blogs2.correiobraziliense.com.br\/vicente\/wp-json\/wp\/v2\/posts\/19643\/revisions\/19644"}],"wp:featuredmedia":[{"embeddable":true,"href":"https:\/\/blogs2.correiobraziliense.com.br\/vicente\/wp-json\/wp\/v2\/media\/11785"}],"wp:attachment":[{"href":"https:\/\/blogs2.correiobraziliense.com.br\/vicente\/wp-json\/wp\/v2\/media?parent=19643"}],"wp:term":[{"taxonomy":"category","embeddable":true,"href":"https:\/\/blogs2.correiobraziliense.com.br\/vicente\/wp-json\/wp\/v2\/categories?post=19643"},{"taxonomy":"post_tag","embeddable":true,"href":"https:\/\/blogs2.correiobraziliense.com.br\/vicente\/wp-json\/wp\/v2\/tags?post=19643"}],"curies":[{"name":"wp","href":"https:\/\/api.w.org\/{rel}","templated":true}]}}