{"id":19655,"date":"2021-07-02T09:42:42","date_gmt":"2021-07-02T12:42:42","guid":{"rendered":"https:\/\/blogs2.correiobraziliense.com.br\/vicente\/?p=19655"},"modified":"2021-07-02T16:31:45","modified_gmt":"2021-07-02T19:31:45","slug":"producao-industrial-avanca-14-em-maio-e-recupera-patamar-pre-crise","status":"publish","type":"post","link":"https:\/\/blogs2.correiobraziliense.com.br\/vicente\/producao-industrial-avanca-14-em-maio-e-recupera-patamar-pre-crise\/","title":{"rendered":"Produ\u00e7\u00e3o industrial avan\u00e7a 1,4% em maio e recupera patamar pr\u00e9-crise"},"content":{"rendered":"<h2>ROSANA HESSEL<\/h2>\n<h2><\/h2>\n<h2>A produ\u00e7\u00e3o industrial nacional avan\u00e7ou 1,4% em maior na compara\u00e7\u00e3o com abril na s\u00e9rie com ajuste sazonal, de acordo com dados do Instituto Brasileiro de Geografia e Estat\u00edstica (IBGE), divulgados nesta\u00a0 sexta-feira (02\/07). O dado interrompeu tr\u00eas meses consecutivos de queda, mas ficou abaixo das expectativas do mercado, em torno de 1,6%, e apresenta ainda recupera\u00e7\u00e3o desigual entre os setores pesquisados.<\/h2>\n<h2><\/h2>\n<p>Com o resultado de maio, conforme as informa\u00e7\u00f5es do IBGE, a ind\u00fastria brasileira retorna ao mesmo patamar de fevereiro de 2020, no cen\u00e1rio pr\u00e9-pandemia. Apesar do avan\u00e7o, o setor ainda se encontra 3,7% abaixo do n\u00edvel de dezembro de 2020 e tamb\u00e9m 16,7% distante do recorde registrado em maio de 2011.<\/p>\n<p>&nbsp;<\/p>\n<p>J\u00e1 na compara\u00e7\u00e3o com maio de 2020, no auge da recess\u00e3o provocada pela pandemia da covid-19, o crescimento\u00a0foi de 24%. Foi nona taxa positiva consecutiva e a segunda mais elevada da s\u00e9rie hist\u00f3rica, abaixo apenas da registrada em abril deste ano (34,7%). No acumulado de janeiro a maio, o setor produtivo acumula alta de 13,1% e, em 12 meses, registra avan\u00e7o de 4,9%.<\/p>\n<p>&nbsp;<\/p>\n<p>Conforme os dados da Pesquisa Industrial Mensal (PIM) do IBGE, a alta de 1,4% na margem foi acompanhada por duas das quatro das grandes categorias econ\u00f4micas e por 15 dos 26 ramos de atividade pesquisados.<\/p>\n<p>&nbsp;<\/p>\n<p>O grupo de bens intermedi\u00e1rios e de bens dur\u00e1veis apresentaram queda na margem de 0,6 e de 2,4%, respectivamente. Enquanto isso, as categorias de produtos semidur\u00e1veis e n\u00e3o dur\u00e1veis e de bens de capital avan\u00e7aram 3,6% e 1,4% na mesma base de compara\u00e7\u00e3o. Bens de consumo tiveram avan\u00e7o de 1,5% em rela\u00e7\u00e3o a abril.<\/p>\n<p>&nbsp;<\/p>\n<p>Entre as atividades com influ\u00eancias positivas mais importantes, destacam-se o setor de produtos aliment\u00edcios, com alta de 2,9% em rela\u00e7\u00e3o a abril ap\u00f3s queda de 3,2% no m\u00eas anterior; pelo setor de produtos derivados do petr\u00f3leo e biocombust\u00edveis, com avan\u00e7o de 3%, eliminando parte da perda de 10% registrada em abril, e e pelo segmento de ind\u00fastrias extrativas, com crescimento de 2%, o terceiro crescimento mensal consecutivo, acumulando expans\u00e3o de 10% no per\u00edodo.<\/p>\n<p>&nbsp;<\/p>\n<p>As taxas anualizadas, devido \u00e0s bases muito pequenas de maio de 2020, apresentaram crescimento expressivo em todas as categorias. A de bens dur\u00e1veis, por exemplo, saltou 149,4%, com destaque para o setor de ve\u00edculos automotores, reboques e carrocerias que apresentaram varia\u00e7\u00e3o de 216%. Enquanto isso, as categorias de bens de capital, de bens intermedi\u00e1rios e de semidur\u00e1veis e n\u00e3o dur\u00e1veis avan\u00e7aram 76,7%, 27% e 13,2%, respectivamente.<\/p>\n<p>&nbsp;<\/p>\n<p>O economista-chefe para a Am\u00e9rica Latina do Goldman Sachs, Alberto Ramos, destacou que o crescimento da produ\u00e7\u00e3o industrial em maio foi impulsionada pelos aumentos na produ\u00e7\u00e3o de bens de consumo n\u00e3o dur\u00e1veis e bens de capital, mas lembrou que v\u00e1rias ind\u00fastrias ainda est\u00e3o sendo impactadas pela pandemia e pela queda no fornecimento de insumos e produtos intermedi\u00e1rios, como chips no setor automotivo. &#8220;O recuo de medidas de bloqueio\u00a0e o aumento da mobilidade durante a segunda semana de abril e ao longo de maio abriram caminho para um fortalecimento gradual da atividade industrial&#8221;, destacou ele, citando como exemplo o aumento na utiliza\u00e7\u00e3o da capacidade instalada.<\/p>\n<p>&nbsp;<\/p>\n<p>Na avalia\u00e7\u00e3o do analista do banco norte-americano,\u00a0o aumento do custo e os problemas na cadeia de suprimentos est\u00e3o limitando uma retomada mais positiva de curto prazo para o setor, pois v\u00e1rias montadoras interromperam a produ\u00e7\u00e3o neste m\u00eas devido \u00e0 falta de componentes. Ele destacou que a recupera\u00e7\u00e3o ainda \u00e9 desigual no setor industrial, pois a produ\u00e7\u00e3o de bens de capital est\u00e1 14,15 acima do patamar de fevereiro de 2020. No entanto, <span style=\"font-weight: 400\">a produ\u00e7\u00e3o de bens de consumo dur\u00e1veis\u00a0<\/span><span style=\"font-weight: 400\">permanece 14,5% abaixo do n\u00edvel de fevereiro&#8221;.<\/span><\/p>\n<p>&nbsp;<\/p>\n<p>Gabriel Leal de Barros, economista-chefe da RPS Capital, tamb\u00e9m alertou para o problema da falta de componentes, que pode ter um efeito negativo para a produ\u00e7\u00e3o. &#8220;A falta de insumos retira o crescimento da ind\u00fastria, mas, como a demanda ainda est\u00e1 fraca, quando olhamos os n\u00fameros vemos que o estoque ainda est\u00e1 baixo e a ociosidade elevada. Logo, o que devemos esperar para os pr\u00f3ximos meses \u00e9 que a ind\u00fastria se recupere para recompor os estoques&#8221;, avaliou.<\/p>\n<p>&nbsp;<\/p>\n<p>Apesar dos dados positivos de maio, o economista Rafael Cagnin, do\u00a0Instituto de Estudos para o Desenvolvimento Industrial (Iedi), demonstra cautela ao analisar o desempenho da ind\u00fastria em 2021 pelo fato de o n\u00edvel de produ\u00e7\u00e3o ter voltado ao mesmo patamar de fevereiro de 2020, uma vez que, para ele, este ano ainda n\u00e3o contribuiu para recupera\u00e7\u00e3o da produ\u00e7\u00e3o industrial.\u00a0 &#8220;<span style=\"font-weight: 400\">Com a reedi\u00e7\u00e3o do aux\u00edlio emergencial e com o avan\u00e7o da vacina\u00e7\u00e3o no Brasil e em outras partes do mundo, o que vem reaquecendo o com\u00e9rcio global, a alta de maio sinaliza para um retorno mais difundido do crescimento industrial&#8221;, escreveu em relat\u00f3rio divulgado hoje. &#8220;O ano de 2021 para a ind\u00fastria pode estar come\u00e7ando s\u00f3 agora. Mas que fique claro que h\u00e1 riscos novos tamb\u00e9m, como a crise h\u00eddrica, cujo efeito na infla\u00e7\u00e3o tende a corroer o poder de compra da popula\u00e7\u00e3o e aumentar os custos de produ\u00e7\u00e3o&#8221;, acrescentou.<\/span><\/p>\n","protected":false},"excerpt":{"rendered":"<p>ROSANA HESSEL A produ\u00e7\u00e3o industrial nacional avan\u00e7ou 1,4% em maior na compara\u00e7\u00e3o com abril na s\u00e9rie com ajuste sazonal, de acordo com dados do Instituto Brasileiro de Geografia e Estat\u00edstica (IBGE), divulgados nesta\u00a0 sexta-feira (02\/07). O dado interrompeu tr\u00eas meses consecutivos de queda, mas ficou abaixo das expectativas do mercado, em torno de 1,6%, e [&hellip;]<\/p>\n","protected":false},"author":22,"featured_media":17097,"comment_status":"open","ping_status":"closed","sticky":false,"template":"","format":"standard","meta":{"wpb_read_more":[],"footnotes":""},"categories":[600],"tags":[3840,589,391,915,5322,2998],"class_list":["post-19655","post","type-post","status-publish","format-standard","has-post-thumbnail","hentry","category-economia","tag-atividade","tag-economia","tag-ibge","tag-industria","tag-pim","tag-producao"],"_links":{"self":[{"href":"https:\/\/blogs2.correiobraziliense.com.br\/vicente\/wp-json\/wp\/v2\/posts\/19655","targetHints":{"allow":["GET"]}}],"collection":[{"href":"https:\/\/blogs2.correiobraziliense.com.br\/vicente\/wp-json\/wp\/v2\/posts"}],"about":[{"href":"https:\/\/blogs2.correiobraziliense.com.br\/vicente\/wp-json\/wp\/v2\/types\/post"}],"author":[{"embeddable":true,"href":"https:\/\/blogs2.correiobraziliense.com.br\/vicente\/wp-json\/wp\/v2\/users\/22"}],"replies":[{"embeddable":true,"href":"https:\/\/blogs2.correiobraziliense.com.br\/vicente\/wp-json\/wp\/v2\/comments?post=19655"}],"version-history":[{"count":6,"href":"https:\/\/blogs2.correiobraziliense.com.br\/vicente\/wp-json\/wp\/v2\/posts\/19655\/revisions"}],"predecessor-version":[{"id":19665,"href":"https:\/\/blogs2.correiobraziliense.com.br\/vicente\/wp-json\/wp\/v2\/posts\/19655\/revisions\/19665"}],"wp:featuredmedia":[{"embeddable":true,"href":"https:\/\/blogs2.correiobraziliense.com.br\/vicente\/wp-json\/wp\/v2\/media\/17097"}],"wp:attachment":[{"href":"https:\/\/blogs2.correiobraziliense.com.br\/vicente\/wp-json\/wp\/v2\/media?parent=19655"}],"wp:term":[{"taxonomy":"category","embeddable":true,"href":"https:\/\/blogs2.correiobraziliense.com.br\/vicente\/wp-json\/wp\/v2\/categories?post=19655"},{"taxonomy":"post_tag","embeddable":true,"href":"https:\/\/blogs2.correiobraziliense.com.br\/vicente\/wp-json\/wp\/v2\/tags?post=19655"}],"curies":[{"name":"wp","href":"https:\/\/api.w.org\/{rel}","templated":true}]}}