{"id":19658,"date":"2021-07-02T10:11:51","date_gmt":"2021-07-02T13:11:51","guid":{"rendered":"https:\/\/blogs2.correiobraziliense.com.br\/vicente\/?p=19658"},"modified":"2021-07-02T10:11:51","modified_gmt":"2021-07-02T13:11:51","slug":"cni-revisa-de-3-para-49-projecao-de-crescimento-do-pib-em-2021","status":"publish","type":"post","link":"https:\/\/blogs2.correiobraziliense.com.br\/vicente\/cni-revisa-de-3-para-49-projecao-de-crescimento-do-pib-em-2021\/","title":{"rendered":"CNI revisa de 3% para 4,9% proje\u00e7\u00e3o de crescimento do PIB em 2021"},"content":{"rendered":"<h2>ROSANA HESSEL<\/h2>\n<h2><\/h2>\n<h2>A Confedera\u00e7\u00e3o Nacional da Ind\u00fastria (CNI) elevou de 3% para 4,9% a previs\u00e3o de crescimento do Produto Interno Bruto (PIB) brasileiro, conforme dados do Informe Conjuntural do segundo trimestre de 2021 da entidade divulgado nesta sexta-feira (02\/07) destacando que os impactos da pandemia no in\u00edcio de 2021 foram menores do que o esperado e surpreenderam positivamente, mas o desafio para o crescimento ainda \u00e9 grande.<\/h2>\n<h2><\/h2>\n<p>&#8220;O maior otimismo compartilhado pelos empres\u00e1rios industrias, decorre da queda da atividade menor do que a esperada em resposta \u00e0s novas medidas de isolamento social. N\u00e3o s\u00f3 as medidas de isolamento social foram menos restritivas do que as adotadas em 2020, como tamb\u00e9m grande parte das empresas estavam mais preparadas para atuar em um ambiente de restri\u00e7\u00f5es \u00e0 aglomera\u00e7\u00e3o de pessoas&#8221;, destacou o documento que aponta perspectiva de crescimento de 6,9% no PIB industrial, com a ind\u00fastria de transforma\u00e7\u00e3o devendo apresentar avan\u00e7o 8,9% em rela\u00e7\u00e3o a 2020.<\/p>\n<p>&nbsp;<\/p>\n<p>De acordo com o documento, ap\u00f3s o crescimento de 1,2% do PIB no primeiro trimestre, puxado pelo investimento e pelas exporta\u00e7\u00f5es, a previs\u00e3o da CNI \u00e9 de que a ind\u00fastria de transforma\u00e7\u00e3o, que recuou 0,5%, volte a crescer no segundo semestre.<\/p>\n<p>&nbsp;<\/p>\n<p>No estudo, a CNI destaca que a ind\u00fastria nacional ainda exibe sinais de dificuldades, principalmente sobre o segmento de bens de consumo, sobretudo dur\u00e1veis e semidur\u00e1veis. como vestu\u00e1rio, couro e cal\u00e7ados.<\/p>\n<p>&nbsp;<\/p>\n<p>Pelas estimativas do\u00a0economista-chefe da CNI, Renato da Fonseca, o empres\u00e1rio industrial est\u00e1 mais confiante e com maior inten\u00e7\u00e3o de investir. \u201cApesar do aumento dos juros pelo Banco Central, as taxas continuam baixas para o padr\u00e3o brasileiro dos \u00faltimos anos. Al\u00e9m disso, a utiliza\u00e7\u00e3o da capacidade instalada segue elevada, o que sugere necessidade de investimentos para ampliar a produ\u00e7\u00e3o\u201d, informou o especialista no comunicado da entidade.<\/p>\n<p>&nbsp;<\/p>\n<p>Na avalia\u00e7\u00e3o do presidente da CNI, Robson Andrade, a ind\u00fastria voltar\u00e1 a crescer, mas a grande quest\u00e3o \u00e9 por quanto tempo. \u201dVencer a crise \u00e9 uma coisa, voltar a crescer \u00e9 outra. Para voltar a crescer \u00e9, a ind\u00fastria brasileira precisa se tornar mais competitiva e para isso \u00e9 preciso reduzir o Custo Brasil. Precisamos acelerar a agenda das reformas estruturais, sendo que a principal \u00e9 a reforma tribut\u00e1ria ampla&#8221;, disse.<\/p>\n<p>&nbsp;<\/p>\n<p>A ind\u00fastria de transforma\u00e7\u00e3o brasileira viu sua produ\u00e7\u00e3o encolher, em termos reais, nos \u00faltimos 10 anos, principalmente pelos fatores que comp\u00f5em o Custo Brasil. De 2010 a 2020, o valor adicionado da ind\u00fastria de transforma\u00e7\u00e3o encolheu 1,6% ao ano, em m\u00e9dia. Como consequ\u00eancia, o PIB do Brasil cresceu apenas 0,3% ao ano no mesmo per\u00edodo.<\/p>\n<p>&nbsp;<\/p>\n<p>Pelas novas estimativas da CNI, a infla\u00e7\u00e3o em 2021 vai superar o teto da meta, de 5,25% e a taxa b\u00e1sica de juros (Selic), atualmente em 4,25%, encerrar\u00e1 dezembro em 6,5% anuais e, com isso, os juros cobrados nos empr\u00e9stimos \u00e0s empresas devem continuar subindo.\u00a0A entidade estima que, em 2021, d\u00edvida p\u00fablica bruta dever\u00e1 encerrar o ano em 82,3% do PIB.<\/p>\n<p>&nbsp;<\/p>\n<p>&nbsp;<\/p>\n","protected":false},"excerpt":{"rendered":"<p>ROSANA HESSEL A Confedera\u00e7\u00e3o Nacional da Ind\u00fastria (CNI) elevou de 3% para 4,9% a previs\u00e3o de crescimento do Produto Interno Bruto (PIB) brasileiro, conforme dados do Informe Conjuntural do segundo trimestre de 2021 da entidade divulgado nesta sexta-feira (02\/07) destacando que os impactos da pandemia no in\u00edcio de 2021 foram menores do que o esperado [&hellip;]<\/p>\n","protected":false},"author":22,"featured_media":19649,"comment_status":"open","ping_status":"closed","sticky":false,"template":"","format":"standard","meta":{"wpb_read_more":[],"footnotes":""},"categories":[600],"tags":[3840,706,915,58,2998],"class_list":["post-19658","post","type-post","status-publish","format-standard","has-post-thumbnail","hentry","category-economia","tag-atividade","tag-cni","tag-industria","tag-pib","tag-producao"],"_links":{"self":[{"href":"https:\/\/blogs2.correiobraziliense.com.br\/vicente\/wp-json\/wp\/v2\/posts\/19658","targetHints":{"allow":["GET"]}}],"collection":[{"href":"https:\/\/blogs2.correiobraziliense.com.br\/vicente\/wp-json\/wp\/v2\/posts"}],"about":[{"href":"https:\/\/blogs2.correiobraziliense.com.br\/vicente\/wp-json\/wp\/v2\/types\/post"}],"author":[{"embeddable":true,"href":"https:\/\/blogs2.correiobraziliense.com.br\/vicente\/wp-json\/wp\/v2\/users\/22"}],"replies":[{"embeddable":true,"href":"https:\/\/blogs2.correiobraziliense.com.br\/vicente\/wp-json\/wp\/v2\/comments?post=19658"}],"version-history":[{"count":1,"href":"https:\/\/blogs2.correiobraziliense.com.br\/vicente\/wp-json\/wp\/v2\/posts\/19658\/revisions"}],"predecessor-version":[{"id":19659,"href":"https:\/\/blogs2.correiobraziliense.com.br\/vicente\/wp-json\/wp\/v2\/posts\/19658\/revisions\/19659"}],"wp:featuredmedia":[{"embeddable":true,"href":"https:\/\/blogs2.correiobraziliense.com.br\/vicente\/wp-json\/wp\/v2\/media\/19649"}],"wp:attachment":[{"href":"https:\/\/blogs2.correiobraziliense.com.br\/vicente\/wp-json\/wp\/v2\/media?parent=19658"}],"wp:term":[{"taxonomy":"category","embeddable":true,"href":"https:\/\/blogs2.correiobraziliense.com.br\/vicente\/wp-json\/wp\/v2\/categories?post=19658"},{"taxonomy":"post_tag","embeddable":true,"href":"https:\/\/blogs2.correiobraziliense.com.br\/vicente\/wp-json\/wp\/v2\/tags?post=19658"}],"curies":[{"name":"wp","href":"https:\/\/api.w.org\/{rel}","templated":true}]}}