{"id":19685,"date":"2021-07-06T14:48:09","date_gmt":"2021-07-06T17:48:09","guid":{"rendered":"https:\/\/blogs2.correiobraziliense.com.br\/vicente\/?p=19685"},"modified":"2021-07-06T15:29:38","modified_gmt":"2021-07-06T18:29:38","slug":"rene-garcia-vence-a-covid-19-e-segue-em-recuperacao","status":"publish","type":"post","link":"https:\/\/blogs2.correiobraziliense.com.br\/vicente\/rene-garcia-vence-a-covid-19-e-segue-em-recuperacao\/","title":{"rendered":"Ren\u00ea Garcia vence a covid-19 e segue em recupera\u00e7\u00e3o"},"content":{"rendered":"<p><span style=\"font-weight: 400\">O economista Ren\u00ea Garcia J\u00fanior, secret\u00e1rio de Fazenda do Estado do Paran\u00e1, conseguiu vencer a covid-19, ap\u00f3s uma semana de interna\u00e7\u00e3o no Hospital do Trabalhador, em Curitiba, onde chegou a ser intubado e passou por um tratamento cl\u00ednico intenso.\u00a0<\/span><\/p>\n<p>&nbsp;<\/p>\n<p><span style=\"font-weight: 400\">Em casa, est\u00e1 fazendo fisioterapia para voltar ao trabalho em breve, de acordo com amigos. O economista tem feito um\u00a0<\/span>herc\u00faleo trabalho pelo saneamento das contas do Paran\u00e1 e tamb\u00e9m \u00e9 relevante articulador entre os secret\u00e1rios estaduais de Fazenda pela reforma tribut\u00e1ria.<\/p>\n<p>&nbsp;<\/p>\n<p>Garcia J\u00fanior \u00e9 doutor e mestre em Economia pela Funda\u00e7\u00e3o Get\u00falio Vargas (EPGE\/FGV) e, antes foi secret\u00e1rio de Controle Geral do governo estadual do Rio de Janeiro, superintendente da Superintend\u00eancia de Seguros Privados (Susep) e membro do Conselho de Administra\u00e7\u00e3o do BNDESPar\/BNDES.<\/p>\n<p>&nbsp;<\/p>\n","protected":false},"excerpt":{"rendered":"<p>O economista Ren\u00ea Garcia J\u00fanior, secret\u00e1rio de Fazenda do Estado do Paran\u00e1, conseguiu vencer a covid-19, ap\u00f3s uma semana de interna\u00e7\u00e3o no Hospital do Trabalhador, em Curitiba, onde chegou a ser intubado e passou por um tratamento cl\u00ednico intenso.\u00a0 &nbsp; Em casa, est\u00e1 fazendo fisioterapia para voltar ao trabalho em breve, de acordo com amigos. [&hellip;]<\/p>\n","protected":false},"author":22,"featured_media":19698,"comment_status":"open","ping_status":"closed","sticky":false,"template":"","format":"standard","meta":{"wpb_read_more":[],"footnotes":""},"categories":[600],"tags":[],"class_list":["post-19685","post","type-post","status-publish","format-standard","has-post-thumbnail","hentry","category-economia"],"_links":{"self":[{"href":"https:\/\/blogs2.correiobraziliense.com.br\/vicente\/wp-json\/wp\/v2\/posts\/19685","targetHints":{"allow":["GET"]}}],"collection":[{"href":"https:\/\/blogs2.correiobraziliense.com.br\/vicente\/wp-json\/wp\/v2\/posts"}],"about":[{"href":"https:\/\/blogs2.correiobraziliense.com.br\/vicente\/wp-json\/wp\/v2\/types\/post"}],"author":[{"embeddable":true,"href":"https:\/\/blogs2.correiobraziliense.com.br\/vicente\/wp-json\/wp\/v2\/users\/22"}],"replies":[{"embeddable":true,"href":"https:\/\/blogs2.correiobraziliense.com.br\/vicente\/wp-json\/wp\/v2\/comments?post=19685"}],"version-history":[{"count":3,"href":"https:\/\/blogs2.correiobraziliense.com.br\/vicente\/wp-json\/wp\/v2\/posts\/19685\/revisions"}],"predecessor-version":[{"id":19700,"href":"https:\/\/blogs2.correiobraziliense.com.br\/vicente\/wp-json\/wp\/v2\/posts\/19685\/revisions\/19700"}],"wp:featuredmedia":[{"embeddable":true,"href":"https:\/\/blogs2.correiobraziliense.com.br\/vicente\/wp-json\/wp\/v2\/media\/19698"}],"wp:attachment":[{"href":"https:\/\/blogs2.correiobraziliense.com.br\/vicente\/wp-json\/wp\/v2\/media?parent=19685"}],"wp:term":[{"taxonomy":"category","embeddable":true,"href":"https:\/\/blogs2.correiobraziliense.com.br\/vicente\/wp-json\/wp\/v2\/categories?post=19685"},{"taxonomy":"post_tag","embeddable":true,"href":"https:\/\/blogs2.correiobraziliense.com.br\/vicente\/wp-json\/wp\/v2\/tags?post=19685"}],"curies":[{"name":"wp","href":"https:\/\/api.w.org\/{rel}","templated":true}]}}