{"id":19688,"date":"2021-07-06T13:18:03","date_gmt":"2021-07-06T16:18:03","guid":{"rendered":"https:\/\/blogs2.correiobraziliense.com.br\/vicente\/?p=19688"},"modified":"2021-07-06T13:45:08","modified_gmt":"2021-07-06T16:45:08","slug":"mau-humor-toma-conta-do-mercado-dolar-dispara-e-bolsa-cai","status":"publish","type":"post","link":"https:\/\/blogs2.correiobraziliense.com.br\/vicente\/mau-humor-toma-conta-do-mercado-dolar-dispara-e-bolsa-cai\/","title":{"rendered":"Mau humor toma conta do mercado. D\u00f3lar dispara e Bolsa cai"},"content":{"rendered":"<h2>ROSANA HESSEL<\/h2>\n<h2>O mau humor voltou aos mercados nesta ter\u00e7a-feira (06\/07). O d\u00f3lar disparou quase 2%, encostando em R$ 5,20 e fazendo o real liderar o ranking de desvaloriza\u00e7\u00e3o entre as moedas emergentes. Enquanto isso, a Bolsa de Valores de S\u00e3o Paulo (B3)\u00a0cai mais de 1%, com queda generalizada em praticamente todas as a\u00e7\u00f5es, refletindo o aumento das incertezas das percep\u00e7\u00f5es tanto internas quanto externas.<\/h2>\n<p>&nbsp;<\/p>\n<p>&#8220;O que est\u00e1 acontecendo foi o aumento de casos de maior casos da variantes Delta (do novo coronav\u00edrus), indicando que ela reduz a efic\u00e1cia da vacina da Pfizer. O aumento de casos na Europa e nos Estados Unidos com a expectativa de que haver\u00e1 necessidade de come\u00e7ar uma nova vacina\u00e7\u00e3o de todo mundo por conta das variantes, em vez de uma reabertura mais ampla, poder\u00e1 ser um problema nas regi\u00f5es onde havia come\u00e7ado a ter um controle maior na quantidade de casos&#8221;, destacou Gustavo Cruz, estrategista da RB Investimentos.<\/p>\n<p>&nbsp;<\/p>\n<p>O analista lembrou que, como ontem foi um dia de liquidez menor nos mercados por conta do feriado nos Estados Unidos, &#8220;o sentimento negativo ganhou mais for\u00e7a com os dados das variantes da pandemia da covid-19 combinados com os de recuo na atividade de servi\u00e7os nos EUA&#8221;, apesar de a expectativa de crescimento mais forte na maior economia do planeta ainda continuar no radar.\u00a0No mercado externo, as bolsas europeias e as dos Estados Unidos operam no vermelho.<\/p>\n<p>&nbsp;<\/p>\n<p>De acordo com o economista-chefe da Necton Investimentos, Andr\u00e9 Perfeito, o real \u00e9 a moeda que mais perde valor hoje contra o d\u00f3lar entre as principais divisas emergentes e &#8220;os juros sobem na esteira da piora da percep\u00e7\u00e3o nos mercados&#8221;.\u00a0 Para ele, n\u00e3o d\u00e1 para atribuir a culpa apenas para o mercado externo e ao aumento das preocupa\u00e7\u00f5es com a variante Delta. &#8220;Mesmo essa explica\u00e7\u00e3o nos parece fr\u00e1gil, mas, na falta de melhores raz\u00f5es, o mercado come\u00e7a a especular seus temores&#8221;, afirmou.<\/p>\n<p>&nbsp;<\/p>\n<p>Na avalia\u00e7\u00e3o de Perfeito, a lista de poss\u00edveis problemas \u00e9 extensa se colocada na ponta do l\u00e1pis e &#8220;os poss\u00edveis vil\u00f5es&#8221; v\u00e3o de temores inflacion\u00e1rios, como crise h\u00eddrica e alta de combust\u00edveis, at\u00e9 poss\u00edveis desdobramentos da CPI da covid-19,\u00a0 &#8220;que aparentemente est\u00e1 pr\u00f3xima demais de queimar as pontes entre o Pal\u00e1cio do Planalto e o Centr\u00e3o uma vez que grandes nomes da alian\u00e7a pol\u00edtica do presidente, inclusive os militares, est\u00e3o envolvidos no imbr\u00f3glio dos \u00faltimos dias&#8221;.<\/p>\n<p>&nbsp;<\/p>\n<p>Cruz tamb\u00e9m reconheceu que fatores internos na \u00e1rea pol\u00edtica tamb\u00e9m contribu\u00edram para essa alta mais forte no d\u00f3lar frente ao real, inclusive, a quest\u00e3o dos \u00e1udios que vazaram com a ex-cunhada do presidente Jair Bolsonaro denunciando esquema criminoso de peculato praticado em fam\u00edlia, as famosas rachadinhas, tamb\u00e9m afetou o humor dos operadores. &#8220;O cen\u00e1rio pol\u00edtico esta desgastado por conta CPI da covid e dos \u00e1udios que sa\u00edram&#8221;, disse. Segundo ele, em termos de fluxo, est\u00e3o ocorrendo ajustes nas carteiras de investidores estrangeiros.<\/p>\n<p>&nbsp;<\/p>\n<p>&#8220;Estes temores s\u00e3o antes a aus\u00eancia de boas not\u00edcias, afinal ningu\u00e9m imagina uma piora significativa da crise pol\u00edtica, mas a persist\u00eancia de um vi\u00e9s negativo l\u00e1 fora pode galvanizar \u00e0s m\u00e1s impress\u00f5es. Ainda \u00e9 cedo para dizer isso, mas sabemos onde olhar para ver se os ventos mudaram: o d\u00f3lar&#8221;, afirmou Perfeito. Ele contou que mant\u00e9m em R$ 5,30 a previs\u00e3o para o d\u00f3lar no fim do ano e em 6,5% a previs\u00e3o a taxa b\u00e1sica de juros (Selic) ao fim de 2021.<\/p>\n<p>&nbsp;<\/p>\n<p>Na B3, pouqu\u00edssimas a\u00e7\u00f5es s\u00e3o negociadas com alta nos pre\u00e7os no in\u00edcio desta tarde. Petrorio e Azul lideram as quedas e apenas quatro a\u00e7\u00f5es registravam valoriza\u00e7\u00e3o.<\/p>\n<p>&nbsp;<\/p>\n","protected":false},"excerpt":{"rendered":"<p>ROSANA HESSEL O mau humor voltou aos mercados nesta ter\u00e7a-feira (06\/07). O d\u00f3lar disparou quase 2%, encostando em R$ 5,20 e fazendo o real liderar o ranking de desvaloriza\u00e7\u00e3o entre as moedas emergentes. Enquanto isso, a Bolsa de Valores de S\u00e3o Paulo (B3)\u00a0cai mais de 1%, com queda generalizada em praticamente todas as a\u00e7\u00f5es, refletindo [&hellip;]<\/p>\n","protected":false},"author":22,"featured_media":10722,"comment_status":"open","ping_status":"closed","sticky":false,"template":"","format":"standard","meta":{"wpb_read_more":[],"footnotes":""},"categories":[600],"tags":[2740,2393,849,343,201,2254,4510],"class_list":["post-19688","post","type-post","status-publish","format-standard","has-post-thumbnail","hentry","category-economia","tag-b3","tag-bolsa","tag-cambio","tag-dolar","tag-incertezas","tag-mercados","tag-pandemia"],"_links":{"self":[{"href":"https:\/\/blogs2.correiobraziliense.com.br\/vicente\/wp-json\/wp\/v2\/posts\/19688","targetHints":{"allow":["GET"]}}],"collection":[{"href":"https:\/\/blogs2.correiobraziliense.com.br\/vicente\/wp-json\/wp\/v2\/posts"}],"about":[{"href":"https:\/\/blogs2.correiobraziliense.com.br\/vicente\/wp-json\/wp\/v2\/types\/post"}],"author":[{"embeddable":true,"href":"https:\/\/blogs2.correiobraziliense.com.br\/vicente\/wp-json\/wp\/v2\/users\/22"}],"replies":[{"embeddable":true,"href":"https:\/\/blogs2.correiobraziliense.com.br\/vicente\/wp-json\/wp\/v2\/comments?post=19688"}],"version-history":[{"count":5,"href":"https:\/\/blogs2.correiobraziliense.com.br\/vicente\/wp-json\/wp\/v2\/posts\/19688\/revisions"}],"predecessor-version":[{"id":19695,"href":"https:\/\/blogs2.correiobraziliense.com.br\/vicente\/wp-json\/wp\/v2\/posts\/19688\/revisions\/19695"}],"wp:featuredmedia":[{"embeddable":true,"href":"https:\/\/blogs2.correiobraziliense.com.br\/vicente\/wp-json\/wp\/v2\/media\/10722"}],"wp:attachment":[{"href":"https:\/\/blogs2.correiobraziliense.com.br\/vicente\/wp-json\/wp\/v2\/media?parent=19688"}],"wp:term":[{"taxonomy":"category","embeddable":true,"href":"https:\/\/blogs2.correiobraziliense.com.br\/vicente\/wp-json\/wp\/v2\/categories?post=19688"},{"taxonomy":"post_tag","embeddable":true,"href":"https:\/\/blogs2.correiobraziliense.com.br\/vicente\/wp-json\/wp\/v2\/tags?post=19688"}],"curies":[{"name":"wp","href":"https:\/\/api.w.org\/{rel}","templated":true}]}}