{"id":19693,"date":"2021-07-06T14:05:54","date_gmt":"2021-07-06T17:05:54","guid":{"rendered":"https:\/\/blogs2.correiobraziliense.com.br\/vicente\/?p=19693"},"modified":"2021-07-06T14:05:54","modified_gmt":"2021-07-06T17:05:54","slug":"rodrigo-pacheco-define-data-para-instalacao-da-cmo-e-eleicao-da-mesa","status":"publish","type":"post","link":"https:\/\/blogs2.correiobraziliense.com.br\/vicente\/rodrigo-pacheco-define-data-para-instalacao-da-cmo-e-eleicao-da-mesa\/","title":{"rendered":"Rodrigo Pacheco define data para instala\u00e7\u00e3o da CMO e elei\u00e7\u00e3o da mesa"},"content":{"rendered":"<h2>ROSANA HESSEL<\/h2>\n<h2><\/h2>\n<h2>O presidente do Congresso Nacional, senador Rodrigo Pacheco, marcou para quarta-feira (07\/07) a reuni\u00e3o para a instala\u00e7\u00e3o e a elei\u00e7\u00e3o da mesa diretora da Comiss\u00e3o Mista de Or\u00e7amento (CMO).<\/h2>\n<h2><\/h2>\n<p>A sess\u00e3o ficou marcada para \u00e0s 10h, no Plen\u00e1rio 2 da C\u00e2mara dos Deputados, que costuma ser o local das reuni\u00f5es do colegiado respons\u00e1vel por analisar as leis or\u00e7ament\u00e1rias. Apenas os parlamentares poder\u00e3o participar presencialmente do encontro. A data foi definida na manh\u00e3 desta ter\u00e7a-feira (06\/07).<\/p>\n<p>&nbsp;<\/p>\n<p>Devido ao tradicional rod\u00edzio entre as Casas, neste ano, a presid\u00eancia da CMO ficar\u00e1 com o Senado e as relatorias do Projeto de Lei de Diretrizes Or\u00e7ament\u00e1rias (LDO) e da Lei Or\u00e7ament\u00e1ria Anual (LOA) de 2022 , com a C\u00e2mara.<\/p>\n<p>&nbsp;<\/p>\n<p>O nome para a presid\u00eancia da mesa da comiss\u00e3o indicado pelo l\u00edder do governo no Congresso, o senador Eduardo Gomes (MDB-SE) foi o da senadora Rose de Freitas (MDB-ES), que tem dado sinaliza\u00e7\u00f5es favor\u00e1veis \u00e0 limita\u00e7\u00e3o do volume das emendas do relator, algo que vem preocupando a equipe econ\u00f4mica ap\u00f3s confus\u00e3o em torno do Or\u00e7amento de 2021, que s\u00f3 foi votado no in\u00edcio deste ano, porque n\u00e3o havia CMO instalada.<\/p>\n<p>&nbsp;<\/p>\n<p>A pe\u00e7a or\u00e7ament\u00e1ria s\u00f3 foi aprovada no fim de mar\u00e7o e precisou ser sancionada com vetos para evitar que o presidente Jair Bolsonaro cometesse crime de responsabilidade fiscal devido ao excesso de emendas aprovadas pelo Congresso.\u00a0Os deputados Juscelino Filho (DEM-MA) e Hugo Leal (PSD-RJ) foram indicados para as relatorias da LDO e do Or\u00e7amento do pr\u00f3ximo ano.<\/p>\n<p>&nbsp;<\/p>\n","protected":false},"excerpt":{"rendered":"<p>ROSANA HESSEL O presidente do Congresso Nacional, senador Rodrigo Pacheco, marcou para quarta-feira (07\/07) a reuni\u00e3o para a instala\u00e7\u00e3o e a elei\u00e7\u00e3o da mesa diretora da Comiss\u00e3o Mista de Or\u00e7amento (CMO). A sess\u00e3o ficou marcada para \u00e0s 10h, no Plen\u00e1rio 2 da C\u00e2mara dos Deputados, que costuma ser o local das reuni\u00f5es do colegiado respons\u00e1vel [&hellip;]<\/p>\n","protected":false},"author":22,"featured_media":9892,"comment_status":"open","ping_status":"closed","sticky":false,"template":"","format":"standard","meta":{"wpb_read_more":[],"footnotes":""},"categories":[600],"tags":[134,2839,1371,521,549,586],"class_list":["post-19693","post","type-post","status-publish","format-standard","has-post-thumbnail","hentry","category-economia","tag-camara","tag-cmo","tag-congresso-nacional","tag-ldo","tag-orcamento","tag-senado"],"_links":{"self":[{"href":"https:\/\/blogs2.correiobraziliense.com.br\/vicente\/wp-json\/wp\/v2\/posts\/19693","targetHints":{"allow":["GET"]}}],"collection":[{"href":"https:\/\/blogs2.correiobraziliense.com.br\/vicente\/wp-json\/wp\/v2\/posts"}],"about":[{"href":"https:\/\/blogs2.correiobraziliense.com.br\/vicente\/wp-json\/wp\/v2\/types\/post"}],"author":[{"embeddable":true,"href":"https:\/\/blogs2.correiobraziliense.com.br\/vicente\/wp-json\/wp\/v2\/users\/22"}],"replies":[{"embeddable":true,"href":"https:\/\/blogs2.correiobraziliense.com.br\/vicente\/wp-json\/wp\/v2\/comments?post=19693"}],"version-history":[{"count":2,"href":"https:\/\/blogs2.correiobraziliense.com.br\/vicente\/wp-json\/wp\/v2\/posts\/19693\/revisions"}],"predecessor-version":[{"id":19697,"href":"https:\/\/blogs2.correiobraziliense.com.br\/vicente\/wp-json\/wp\/v2\/posts\/19693\/revisions\/19697"}],"wp:featuredmedia":[{"embeddable":true,"href":"https:\/\/blogs2.correiobraziliense.com.br\/vicente\/wp-json\/wp\/v2\/media\/9892"}],"wp:attachment":[{"href":"https:\/\/blogs2.correiobraziliense.com.br\/vicente\/wp-json\/wp\/v2\/media?parent=19693"}],"wp:term":[{"taxonomy":"category","embeddable":true,"href":"https:\/\/blogs2.correiobraziliense.com.br\/vicente\/wp-json\/wp\/v2\/categories?post=19693"},{"taxonomy":"post_tag","embeddable":true,"href":"https:\/\/blogs2.correiobraziliense.com.br\/vicente\/wp-json\/wp\/v2\/tags?post=19693"}],"curies":[{"name":"wp","href":"https:\/\/api.w.org\/{rel}","templated":true}]}}