{"id":197,"date":"2015-09-18T08:10:00","date_gmt":"2015-09-18T11:10:00","guid":{"rendered":"https:\/\/blogs2.correiobraziliense.com.br\/vicente\/irritacao_com_o_pt\/"},"modified":"2015-09-18T08:10:00","modified_gmt":"2015-09-18T11:10:00","slug":"irritacao_com_o_pt","status":"publish","type":"post","link":"https:\/\/blogs2.correiobraziliense.com.br\/vicente\/irritacao_com_o_pt\/","title":{"rendered":"IRRITA\u00c7\u00c3O COM O PT"},"content":{"rendered":"\n<p>\u00bb Por mais que o Pal\u00e1cio do Planalto desminta, gente gra\u00fada do governo admite a possibilidade de o ministro da Fazenda, Joaquim Levy, deixar o cargo antes da virada do ano. Ele n\u00e3o se conforma com o boicote que o PT, o partido da presidente Dilma, est\u00e1 fazendo contra o ajuste fiscal.&nbsp;<b>Vexame contratado<\/b> <\/p>\n<p>\u00bb J\u00e1 o presidente do Banco Central, Alexandre Tombini, est\u00e1 descontente com os rumos do governo, mas n\u00e3o ainda a ponto de abandonar o barco. Como se sabe, no fim do ano, Tombini ter\u00e1 que passar pelo vexame de escrever uma carta \u00e0 Na\u00e7\u00e3o justificando porque n\u00e3o cumpriu a miss\u00e3o de manter a infla\u00e7\u00e3o dentro das metas. <\/p>\n<p><i>Bras\u00edlia, 08h10min<\/i>   <\/p>\n","protected":false},"excerpt":{"rendered":"<p>\u00bb Por mais que o Pal\u00e1cio do Planalto desminta, gente gra\u00fada do governo admite a possibilidade de o ministro da Fazenda, Joaquim Levy, deixar o cargo antes da virada do ano. Ele n\u00e3o se conforma com o boicote que o PT, o partido da presidente Dilma, est\u00e1 fazendo contra o ajuste fiscal.&nbsp;Vexame contratado \u00bb J\u00e1 [&hellip;]<\/p>\n","protected":false},"author":22,"featured_media":0,"comment_status":"open","ping_status":"open","sticky":false,"template":"","format":"standard","meta":{"wpb_read_more":[],"footnotes":""},"categories":[1],"tags":[],"class_list":["post-197","post","type-post","status-publish","format-standard","hentry","category-sem-categoria"],"_links":{"self":[{"href":"https:\/\/blogs2.correiobraziliense.com.br\/vicente\/wp-json\/wp\/v2\/posts\/197","targetHints":{"allow":["GET"]}}],"collection":[{"href":"https:\/\/blogs2.correiobraziliense.com.br\/vicente\/wp-json\/wp\/v2\/posts"}],"about":[{"href":"https:\/\/blogs2.correiobraziliense.com.br\/vicente\/wp-json\/wp\/v2\/types\/post"}],"author":[{"embeddable":true,"href":"https:\/\/blogs2.correiobraziliense.com.br\/vicente\/wp-json\/wp\/v2\/users\/22"}],"replies":[{"embeddable":true,"href":"https:\/\/blogs2.correiobraziliense.com.br\/vicente\/wp-json\/wp\/v2\/comments?post=197"}],"version-history":[{"count":0,"href":"https:\/\/blogs2.correiobraziliense.com.br\/vicente\/wp-json\/wp\/v2\/posts\/197\/revisions"}],"wp:attachment":[{"href":"https:\/\/blogs2.correiobraziliense.com.br\/vicente\/wp-json\/wp\/v2\/media?parent=197"}],"wp:term":[{"taxonomy":"category","embeddable":true,"href":"https:\/\/blogs2.correiobraziliense.com.br\/vicente\/wp-json\/wp\/v2\/categories?post=197"},{"taxonomy":"post_tag","embeddable":true,"href":"https:\/\/blogs2.correiobraziliense.com.br\/vicente\/wp-json\/wp\/v2\/tags?post=197"}],"curies":[{"name":"wp","href":"https:\/\/api.w.org\/{rel}","templated":true}]}}