{"id":19752,"date":"2021-07-08T13:39:09","date_gmt":"2021-07-08T16:39:09","guid":{"rendered":"https:\/\/blogs2.correiobraziliense.com.br\/vicente\/?p=19752"},"modified":"2021-07-08T15:39:17","modified_gmt":"2021-07-08T18:39:17","slug":"clima-de-tensao-politica-faz-dolar-disparar-e-bc-e-obrigado-a-intervir","status":"publish","type":"post","link":"https:\/\/blogs2.correiobraziliense.com.br\/vicente\/clima-de-tensao-politica-faz-dolar-disparar-e-bc-e-obrigado-a-intervir\/","title":{"rendered":"Clima de tens\u00e3o pol\u00edtica faz d\u00f3lar disparar e BC \u00e9 obrigado a intervir"},"content":{"rendered":"<h2>ROSANA HESSEL<\/h2>\n<h2>O clima de tens\u00e3o entre o governo e o Legislativo deu curto circuito nos mercados e fez o d\u00f3lar disparar, chegando a R$ 5,30, nesta quinta-feira (8\/7), o que fez o Banco Central a intervir anunciando novo leil\u00e3o.<\/h2>\n<p>&nbsp;<\/p>\n<p>O Banco Central realizou um leil\u00e3o inesperado de US$ 500 milh\u00f5es de contratos de swap cambial para segurar o d\u00f3lar frente ao real. A moeda norte-americana bateu m\u00e1xima a R$ 5,2950 no mercado \u00e0 vista e era negociado a R$ 5,3090 para agosto pela manh\u00e3 enquanto as trocas de farpas entre governo e parlamentares ganhava contornos preocupantes na Comiss\u00e3o Parlamentar de Inqu\u00e9rito (CPI) da Pandemia no Senado Federal. Por volta das 13h30, a divisa norte-americana tinha recuado para R$ 5,223, com queda de 0,15%.<\/p>\n<p>&nbsp;<\/p>\n<p>Enquanto isso, a Bolsa de Valores de S\u00e3o Paulo (B3) abriu em queda em torno de 1% mas chegou a cair quase 1,7% pouco antes das 12h, acompanhando os temores dos investidores internacionais em rela\u00e7\u00e3o \u00e0 retomada da economia global diante da forte dissemina\u00e7\u00e3o da variante Delta do novo coronav\u00edrus, que est\u00e1 levando os pa\u00edses da Europa e da \u00c1sia a retomarem medidas de restri\u00e7\u00e3o.\u00a0 Por volta das 13h30, registrava queda de 1,14% no \u00cdndice Bovespa, que estava a 125.570 pontos.<\/p>\n<p>&nbsp;<\/p>\n<p>O estopim para essa forte oscila\u00e7\u00e3o no mercado foi a\u00a0<a href=\"https:\/\/www.correiobraziliense.com.br\/politica\/2021\/07\/4936179-braga-netto-repudia-em-nota-declaracoes-de-aziz-sobre-militares.html\">carta do ministro da Defesa, Walter Braga Netto, e comandantes das For\u00e7as Armadas repudiando as declara\u00e7\u00f5es do presidente da CPI da Pandemia, o senador Omar Aziz (PSD-AM).<\/a>\u00a0\u00a0O documento gerou cr\u00edticas, principalmente, de especialistas na \u00e1rea de defesa por ser incomum esse tipo de posicionamento da caserna. E, para piorar, o presidente Jair Bolsonaro (sem partido) partiu para o ataque aos senadores da CPI novamente, levantando discuss\u00f5es sobre a fragilidade do regime democr\u00e1tico brasileiro no meio acad\u00eamico.\u00a0<a href=\"https:\/\/www.correiobraziliense.com.br\/politica\/2021\/07\/4936246-aziz-classifica-reacao-de-militares-a-sua-fala-como-tentativa-de-intimidar-senado.html\">Aziz classificou a rea\u00e7\u00e3o das For\u00e7as Armadas uma forma de intimida\u00e7\u00e3o<\/a>.<\/p>\n<p>&nbsp;<\/p>\n<p>&#8220;Essa disparada do d\u00f3lar teve um componente mais dom\u00e9stico, por conta das incertezas na \u00e1rea pol\u00edtica em torno da CPI da Covid, que j\u00e1 teve at\u00e9 pris\u00e3o de testemunha. Isso acelerou o olhar externo e fez o Banco Central intervir no c\u00e2mbio, o que acalmou um pouco os agentes do mercado e segurou a alta do d\u00f3lar para mais perto de R$ 5,20&#8221;, explicou Lucas Schroeder, diretor de opera\u00e7\u00f5es da C\u00e2mbio Curitiba. &#8220;Alguns especuladores tamb\u00e9m aproveitaram o c\u00e2mbio mais alto, realizando lucro, e isso ajudou a fazer o d\u00f3lar cair tamb\u00e9m&#8221;, acrescentou.<\/p>\n<p>&nbsp;<\/p>\n<p>Na avalia\u00e7\u00e3o do especialista, esse clima de tens\u00e3o pol\u00edtica e a aproxima\u00e7\u00e3o das elei\u00e7\u00f5es em 2022 dever\u00e1 manter o d\u00f3lar valorizado, mas com bastante volatilidade. &#8220;As incertezas por conta da variante Delta e a parte pol\u00edtica interna\u00a0<span style=\"font-weight: 400\">por conta do delta e a parte pol\u00edtica pr\u00e9-eleitoral deve influenciar a varia\u00e7\u00e3o do d\u00f3lar que vai oscilar bastante daqui para frente&#8221;, afirmou.<\/span><\/p>\n<p>&nbsp;<\/p>\n<p>Vale lembrar que, no m\u00eas passado o d\u00f3lar vinha recuando por conta da sinaliza\u00e7\u00e3o do Banco Central em dar um aperto monet\u00e1rio mais forte por conta da infla\u00e7\u00e3o, o que ajudou aumentar o fluxo de entrada da divisa norte-americana no pa\u00eds, que chegou a ser negociada pela primeira vez no ano abaixo de R$ 5.<\/p>\n<p>&nbsp;<\/p>\n","protected":false},"excerpt":{"rendered":"<p>ROSANA HESSEL O clima de tens\u00e3o entre o governo e o Legislativo deu curto circuito nos mercados e fez o d\u00f3lar disparar, chegando a R$ 5,30, nesta quinta-feira (8\/7), o que fez o Banco Central a intervir anunciando novo leil\u00e3o. &nbsp; O Banco Central realizou um leil\u00e3o inesperado de US$ 500 milh\u00f5es de contratos de [&hellip;]<\/p>\n","protected":false},"author":22,"featured_media":10531,"comment_status":"open","ping_status":"closed","sticky":false,"template":"","format":"standard","meta":{"wpb_read_more":[],"footnotes":""},"categories":[600],"tags":[3,849,381,1540,343,2758],"class_list":["post-19752","post","type-post","status-publish","format-standard","has-post-thumbnail","hentry","category-economia","tag-banco-central","tag-cambio","tag-cpi","tag-crise-politica","tag-dolar","tag-leilao"],"_links":{"self":[{"href":"https:\/\/blogs2.correiobraziliense.com.br\/vicente\/wp-json\/wp\/v2\/posts\/19752","targetHints":{"allow":["GET"]}}],"collection":[{"href":"https:\/\/blogs2.correiobraziliense.com.br\/vicente\/wp-json\/wp\/v2\/posts"}],"about":[{"href":"https:\/\/blogs2.correiobraziliense.com.br\/vicente\/wp-json\/wp\/v2\/types\/post"}],"author":[{"embeddable":true,"href":"https:\/\/blogs2.correiobraziliense.com.br\/vicente\/wp-json\/wp\/v2\/users\/22"}],"replies":[{"embeddable":true,"href":"https:\/\/blogs2.correiobraziliense.com.br\/vicente\/wp-json\/wp\/v2\/comments?post=19752"}],"version-history":[{"count":5,"href":"https:\/\/blogs2.correiobraziliense.com.br\/vicente\/wp-json\/wp\/v2\/posts\/19752\/revisions"}],"predecessor-version":[{"id":19759,"href":"https:\/\/blogs2.correiobraziliense.com.br\/vicente\/wp-json\/wp\/v2\/posts\/19752\/revisions\/19759"}],"wp:featuredmedia":[{"embeddable":true,"href":"https:\/\/blogs2.correiobraziliense.com.br\/vicente\/wp-json\/wp\/v2\/media\/10531"}],"wp:attachment":[{"href":"https:\/\/blogs2.correiobraziliense.com.br\/vicente\/wp-json\/wp\/v2\/media?parent=19752"}],"wp:term":[{"taxonomy":"category","embeddable":true,"href":"https:\/\/blogs2.correiobraziliense.com.br\/vicente\/wp-json\/wp\/v2\/categories?post=19752"},{"taxonomy":"post_tag","embeddable":true,"href":"https:\/\/blogs2.correiobraziliense.com.br\/vicente\/wp-json\/wp\/v2\/tags?post=19752"}],"curies":[{"name":"wp","href":"https:\/\/api.w.org\/{rel}","templated":true}]}}