{"id":198,"date":"2015-09-18T09:10:00","date_gmt":"2015-09-18T12:10:00","guid":{"rendered":"https:\/\/blogs2.correiobraziliense.com.br\/vicente\/custo_do_rebaixamento\/"},"modified":"2015-09-18T09:10:00","modified_gmt":"2015-09-18T12:10:00","slug":"custo_do_rebaixamento","status":"publish","type":"post","link":"https:\/\/blogs2.correiobraziliense.com.br\/vicente\/custo_do_rebaixamento\/","title":{"rendered":"CUSTO DO REBAIXAMENTO"},"content":{"rendered":"\n<p>\u00bb O Banco Central est\u00e1 mapeando as empresas que t\u00eam d\u00edvidas vencendo no exterior no ano que vem. A expectativa \u00e9 de que, sem o grau de investimento, metade das companhias n\u00e3o consiga renovar os empr\u00e9stimos, hoje com taxas m\u00e9dias em d\u00f3lar de 8% ao ano. As que conseguirem ter\u00e3o de aceitar encargos pr\u00f3ximos a 15%.<i> <\/p>\n<p><\/i><i>Bras\u00edlia, 09h10min<\/i>   <\/p>\n","protected":false},"excerpt":{"rendered":"<p>\u00bb O Banco Central est\u00e1 mapeando as empresas que t\u00eam d\u00edvidas vencendo no exterior no ano que vem. A expectativa \u00e9 de que, sem o grau de investimento, metade das companhias n\u00e3o consiga renovar os empr\u00e9stimos, hoje com taxas m\u00e9dias em d\u00f3lar de 8% ao ano. As que conseguirem ter\u00e3o de aceitar encargos pr\u00f3ximos a [&hellip;]<\/p>\n","protected":false},"author":22,"featured_media":0,"comment_status":"open","ping_status":"open","sticky":false,"template":"","format":"standard","meta":{"wpb_read_more":[],"footnotes":""},"categories":[1],"tags":[],"class_list":["post-198","post","type-post","status-publish","format-standard","hentry","category-sem-categoria"],"_links":{"self":[{"href":"https:\/\/blogs2.correiobraziliense.com.br\/vicente\/wp-json\/wp\/v2\/posts\/198","targetHints":{"allow":["GET"]}}],"collection":[{"href":"https:\/\/blogs2.correiobraziliense.com.br\/vicente\/wp-json\/wp\/v2\/posts"}],"about":[{"href":"https:\/\/blogs2.correiobraziliense.com.br\/vicente\/wp-json\/wp\/v2\/types\/post"}],"author":[{"embeddable":true,"href":"https:\/\/blogs2.correiobraziliense.com.br\/vicente\/wp-json\/wp\/v2\/users\/22"}],"replies":[{"embeddable":true,"href":"https:\/\/blogs2.correiobraziliense.com.br\/vicente\/wp-json\/wp\/v2\/comments?post=198"}],"version-history":[{"count":0,"href":"https:\/\/blogs2.correiobraziliense.com.br\/vicente\/wp-json\/wp\/v2\/posts\/198\/revisions"}],"wp:attachment":[{"href":"https:\/\/blogs2.correiobraziliense.com.br\/vicente\/wp-json\/wp\/v2\/media?parent=198"}],"wp:term":[{"taxonomy":"category","embeddable":true,"href":"https:\/\/blogs2.correiobraziliense.com.br\/vicente\/wp-json\/wp\/v2\/categories?post=198"},{"taxonomy":"post_tag","embeddable":true,"href":"https:\/\/blogs2.correiobraziliense.com.br\/vicente\/wp-json\/wp\/v2\/tags?post=198"}],"curies":[{"name":"wp","href":"https:\/\/api.w.org\/{rel}","templated":true}]}}